{"id":34988,"date":"2022-05-09T20:02:30","date_gmt":"2022-05-09T20:02:30","guid":{"rendered":"http:\/\/vocesver.com\/noticias\/?p=34988"},"modified":"2022-05-09T20:08:24","modified_gmt":"2022-05-09T20:08:24","slug":"sobresaliente-actuacion-de-laura-sanz-en-cuarta-fecha-de-copa-notiauto","status":"publish","type":"post","link":"http:\/\/vocesver.com\/noticias\/sobresaliente-actuacion-de-laura-sanz-en-cuarta-fecha-de-copa-notiauto\/","title":{"rendered":"Sobresaliente actuaci\u00f3n de Laura Sanz, en cuarta fecha de Copa Notiauto*"},"content":{"rendered":"\n<p><br>*La piloto veracruzana obtuvo dos podios en Pachuca, Hidalgo.<br><br><br>REDACCI\u00d3N\/VOCESVER.COM\/NOTICIAS<br>(Veracruz, Ver., a 09 de mayo de 2022).- La piloto profesional veracruzana, Laura Sanz Ortiz registr\u00f3 destacada participaci\u00f3n en la cuarta fecha de la Copa Notiauto celebrada en el Aut\u00f3dromo Mo\u00edses Solana, de Pachuca, Hidalgo.<br><br>Sanz Ortiz obtuvo dos podios, en la primera carrera se ubic\u00f3 en el tercer puesto; en tanto para la segunda carrera tambi\u00e9n se instal\u00f3 en la tercera posici\u00f3n en activida de la categor\u00eda Copa 1.8, en este serial mexicano.<br><br>\u201cUna carrera muy emocionante, muy competitiva la verdad; al tiempo de ver los tiempos de los dem\u00e1s competidores; vimos que era muy similar al de nosotros, la diferencia entre cada uno realmente no era nada.<br><br>Sab\u00edamos que iba a ser una carrera d\u00edficil; el clima tambi\u00e9n hubo demasiado calor, nos tuvimos que hidratar mucho; finalmente en la primera carrera, quedamos en tercer lugar; la verdad es que fue muy emocionante ver a todos los autos juntos, en cada vuelta ir cambiando lugares; echamos toda la carne al asador y logramos llegar en primero Armando de la Mora y yo en tercero, ah\u00ed tuve un error que no me permiti\u00f3 llegar en segundo lugar pero nos metimos en el podio.<br><br>Agreg\u00f3.<br><br>Para la segunda carrera, pues invierten los lugares y a nosotros nos toca salir atr\u00e1s y fuimos remontando poco a poco, as\u00ed le hicimos vuelta tras vuelta fuimos remontando lugares y finalmente logramos otro tercer lugar del cual me siento muy satisfecha porque se que lo d\u00ed todo y deje todo en la pista; manej\u00e9 muy bien en una muy buena carrera en donde demostr\u00e9 muchas habilidades, todav\u00eda tenemos mucho por recorrer. Agradezco el apoyo de mi equipo, del \u201cTibur\u00f3n Volador\u201d (Gerardo Sanz) que puso los autos a punto para seguir compitiendo y peleando por este campeonato\u201d, coment\u00f3 Sanz Ortiz.<br><br>La quinta fecha del serial Copa Notiauto 2022 se celebrar\u00e1 los d\u00edas 10 y 11 de junio en el Aut\u00f3dromo de los Hermanos Rodr\u00edguez en la Ciudad de M\u00e9xico, el denominado Gran Premio SpeedFest.<br><br><br><br><br><br><br><br><br><br><br><br><br><br><br><br><br><br><br><br><br><br><br><br><br><br><br><br><br><br><br><br><br><br><br><br><br><br><br><br><br><br><br><\/p>\n","protected":false},"excerpt":{"rendered":"<p>*La piloto veracruzana obtuvo dos podios en Pachuca, Hidalgo. REDACCI\u00d3N\/VOCESVER.COM\/NOTICIAS(Veracruz, Ver., a 09 de mayo de 2022).- La piloto profesional<\/p>\n","protected":false},"author":2,"featured_media":34995,"comment_status":"open","ping_status":"open","sticky":false,"template":"","format":"standard","meta":{"colormag_page_container_layout":"default_layout","colormag_page_sidebar_layout":"default_layout","footnotes":""},"categories":[2],"tags":[],"class_list":["post-34988","post","type-post","status-publish","format-standard","has-post-thumbnail","hentry","category-infogral"],"_links":{"self":[{"href":"http:\/\/vocesver.com\/noticias\/wp-json\/wp\/v2\/posts\/34988","targetHints":{"allow":["GET"]}}],"collection":[{"href":"http:\/\/vocesver.com\/noticias\/wp-json\/wp\/v2\/posts"}],"about":[{"href":"http:\/\/vocesver.com\/noticias\/wp-json\/wp\/v2\/types\/post"}],"author":[{"embeddable":true,"href":"http:\/\/vocesver.com\/noticias\/wp-json\/wp\/v2\/users\/2"}],"replies":[{"embeddable":true,"href":"http:\/\/vocesver.com\/noticias\/wp-json\/wp\/v2\/comments?post=34988"}],"version-history":[{"count":2,"href":"http:\/\/vocesver.com\/noticias\/wp-json\/wp\/v2\/posts\/34988\/revisions"}],"predecessor-version":[{"id":34993,"href":"http:\/\/vocesver.com\/noticias\/wp-json\/wp\/v2\/posts\/34988\/revisions\/34993"}],"wp:featuredmedia":[{"embeddable":true,"href":"http:\/\/vocesver.com\/noticias\/wp-json\/wp\/v2\/media\/34995"}],"wp:attachment":[{"href":"http:\/\/vocesver.com\/noticias\/wp-json\/wp\/v2\/media?parent=34988"}],"wp:term":[{"taxonomy":"category","embeddable":true,"href":"http:\/\/vocesver.com\/noticias\/wp-json\/wp\/v2\/categories?post=34988"},{"taxonomy":"post_tag","embeddable":true,"href":"http:\/\/vocesver.com\/noticias\/wp-json\/wp\/v2\/tags?post=34988"}],"curies":[{"name":"wp","href":"https:\/\/api.w.org\/{rel}","templated":true}]}}