{"id":34984,"date":"2022-05-08T01:39:36","date_gmt":"2022-05-08T01:39:36","guid":{"rendered":"http:\/\/vocesver.com\/noticias\/?p=34984"},"modified":"2022-05-08T01:43:03","modified_gmt":"2022-05-08T01:43:03","slug":"severas-afectaciones-visuales-deja-la-pandemia-en-todo-el-mundo-dra-silvia-moguel-ancheita","status":"publish","type":"post","link":"http:\/\/vocesver.com\/noticias\/severas-afectaciones-visuales-deja-la-pandemia-en-todo-el-mundo-dra-silvia-moguel-ancheita\/","title":{"rendered":"Severas afectaciones visuales, deja la Pandemia en todo el mundo; Dra. Silvia Moguel Ancheita."},"content":{"rendered":"\n<p><br><br><br>.<br>\u2022 Como consecuencia, somos una generaci\u00f3n de Miopes<br>\u2022 Los m\u00e1s afectados con todo esto, son los menores de edad<\/p>\n\n\n\n<p><br>POR:JOS\u00c9 OLIVARES CORONA\/AUSENCIO RIVERA\/VOCESVER.COM\/NOTICIAS<br><br>Veracruz,Ver.- a  7 de Mayo 2022.- En opini\u00f3n de la doctora Silvia Moguel Ancheita, son terribles las secuelas de salud visual que ha dejado la pandemia del Covid 19, misma que ha propiciado que detone un \u201cBoom Mi\u00f3pico\u201d en todo el mundo, afectando principalmente a los menores de edad a consecuencia de la exagerada utilizaci\u00f3n de celulares y tablets, durante el encierro de un poco m\u00e1s de dos a\u00f1os; \u201cnunca hab\u00edamos tenido en el planeta una generaci\u00f3n tan miope, como la actual y lo que es peor, en su mayor\u00eda son ni\u00f1os, de seis a\u00f1os en adelante\u201d<br>La Dra. Silvia Moguel Ancheita, es Vicepresidente de la Sociedad Mexicana de Oftalmolog\u00eda, egresada de la Facultad de Medicina de la Universidad Veracruzana, cuenta con especialidad en Oftalmolog\u00eda y alta especialidad en Estrabismo, es adem\u00e1s integrante del Consejo de Administraci\u00f3n de la International Strabismological Association.<br>Entrevistada por los medios de comunicaci\u00f3n en un hotel de la zona conurbada donde se llev\u00f3 a cabo el evento Coloquios 2022 realizado por la Sociedad Mexicana de Oftalmolog\u00eda en Veracruz, abund\u00f3, que lo peor de esta situaci\u00f3n, es que muchos de los afectados, ignoran que tienen este grave problema visual, el cual, con los a\u00f1os, causar\u00e1 ceguera prematura a los afectados.<br>\u201cLa Miop\u00eda es una deformaci\u00f3n del ojo, no se debe conceptuar como algo normal, se corre el riesgo del desprendimiento de la retina, de cataratas, lesiones corneales, entre otras m\u00e1s afectaciones severas, llegando finalmente a la ceguera. Entre m\u00e1s n\u00famero de miopes haya en el planeta, mayor ser\u00e1 el n\u00famero de personas ciegas en un futuro no muy lejano\u201d, sentenci\u00f3 la entrevistada.<br>\u201cmi trabajo en discapacidad visual me ha ocupado toda mi vida y lo he realizado con mucho placer, con mucho \u00e1nimo, siempre con la firme intenci\u00f3n de ayudar en fomentar la salud visual de la sociedad en general.<br>A Veracruz, le debo mucho, aqu\u00ed crec\u00ed, aqu\u00ed estudi\u00e9 y siempre que pueda promover\u00e9 a Veracruz, por ejemplo; dentro de mi plan de trabajo que present\u00e9 en febrero de este a\u00f1o, ped\u00ed que el Curso de Actualizaci\u00f3n de la Sociedad Mexicana de Oftalmolog\u00eda, el cual llevar\u00e1 por nombre la Medicina Oft\u00e1lmica basada en un Mundo Post Pandemia Covid 19, se lleve a cabo en Veracruz, del 23 al 25 de julio en el 2023\u201d agreg\u00f3 la entrevistada.<br>Al referirse al Coloquios realizados este fin de semana en un hotel de la zona conurbada la guapa y distinguida doctora, Moguel Ancheita, precis\u00f3:<br>\u201cEste coloquio ha sido todo un \u00e9xito, hubo una excelente participaci\u00f3n de colegas, adem\u00e1s porque se realiz\u00f3 en un modelo h\u00edbrido, muchos amigos estuvieron presentes y otros m\u00e1s conectados por internet y se bas\u00f3 principalmente en la aplicaci\u00f3n de m\u00e9todos diagn\u00f3sticos con sustento, que siempre son de gran ayuda, ya que de ello depende la buena evoluci\u00f3n del paciente\u201d, nos dijo la Doctora Silvia.<br>Finalmente, la Vicepresidente de la Sociedad Mexicana de oftalmolog\u00eda, Dra. Silvia Moguel Ancheita, recomend\u00f3 a la poblaci\u00f3n en general, visitar lo m\u00e1s pronto posible a un especialista en salud visual, a fin de realizarse una valoraci\u00f3n para determinar las condiciones en que se encuentran en este rubro.<br><br><br><br><br><br><br><br><br><br><br><br><br><br><br><br><br><br><br><br><br><br><br><br><br><br><br><br><br><br><br><br><br><br><br><br><br><br><br><br><br><\/p>\n","protected":false},"excerpt":{"rendered":"<p>.\u2022 Como consecuencia, somos una generaci\u00f3n de Miopes\u2022 Los m\u00e1s afectados con todo esto, son los menores de edad POR:JOS\u00c9<\/p>\n","protected":false},"author":2,"featured_media":34990,"comment_status":"open","ping_status":"open","sticky":false,"template":"","format":"standard","meta":{"colormag_page_container_layout":"default_layout","colormag_page_sidebar_layout":"default_layout","footnotes":""},"categories":[2],"tags":[],"class_list":["post-34984","post","type-post","status-publish","format-standard","has-post-thumbnail","hentry","category-infogral"],"_links":{"self":[{"href":"http:\/\/vocesver.com\/noticias\/wp-json\/wp\/v2\/posts\/34984","targetHints":{"allow":["GET"]}}],"collection":[{"href":"http:\/\/vocesver.com\/noticias\/wp-json\/wp\/v2\/posts"}],"about":[{"href":"http:\/\/vocesver.com\/noticias\/wp-json\/wp\/v2\/types\/post"}],"author":[{"embeddable":true,"href":"http:\/\/vocesver.com\/noticias\/wp-json\/wp\/v2\/users\/2"}],"replies":[{"embeddable":true,"href":"http:\/\/vocesver.com\/noticias\/wp-json\/wp\/v2\/comments?post=34984"}],"version-history":[{"count":2,"href":"http:\/\/vocesver.com\/noticias\/wp-json\/wp\/v2\/posts\/34984\/revisions"}],"predecessor-version":[{"id":34989,"href":"http:\/\/vocesver.com\/noticias\/wp-json\/wp\/v2\/posts\/34984\/revisions\/34989"}],"wp:featuredmedia":[{"embeddable":true,"href":"http:\/\/vocesver.com\/noticias\/wp-json\/wp\/v2\/media\/34990"}],"wp:attachment":[{"href":"http:\/\/vocesver.com\/noticias\/wp-json\/wp\/v2\/media?parent=34984"}],"wp:term":[{"taxonomy":"category","embeddable":true,"href":"http:\/\/vocesver.com\/noticias\/wp-json\/wp\/v2\/categories?post=34984"},{"taxonomy":"post_tag","embeddable":true,"href":"http:\/\/vocesver.com\/noticias\/wp-json\/wp\/v2\/tags?post=34984"}],"curies":[{"name":"wp","href":"https:\/\/api.w.org\/{rel}","templated":true}]}}