{"id":34980,"date":"2022-05-07T21:22:06","date_gmt":"2022-05-07T21:22:06","guid":{"rendered":"http:\/\/vocesver.com\/noticias\/?p=34980"},"modified":"2022-05-07T21:23:38","modified_gmt":"2022-05-07T21:23:38","slug":"alistan-el-v-congreso-nacional-de-semilleros-de-derecho-procesalfarias-morales","status":"publish","type":"post","link":"http:\/\/vocesver.com\/noticias\/alistan-el-v-congreso-nacional-de-semilleros-de-derecho-procesalfarias-morales\/","title":{"rendered":"ALISTAN EL V CONGRESO NACIONAL  DE SEMILLEROS DE DERECHO PROCESAL:FAR\u00cdAS MORALES"},"content":{"rendered":"\n<p>\u00b0Ser\u00e1 el pr\u00f3ximo 4 de junio en la Universidad Iberoamericana de Tijuana B.C.<br>\u00b0Se abordar\u00e1 el tema de Derechos Humanos y Proceso.<br>\u00b0Habr\u00e1 importantes  Conferencias y Mesas de Trabajo.<br>AUSENCIO RIVERA\/VOCESVER.COM\/NOTICIAS<br>Veracruz,Ver.- a 7 de Mayo 2022.-El Colegio Nacional de Abogados Penalistas A.C. que preside el Dr.Gilberto Far\u00edas Morales conjuntamente con el Instituto  Profesional de Ciencias Jur\u00eddicas MaGister, el Observatorio Mexicano de Estrategias de Litigaci\u00f3n Penal A.C y el Instituto Colombiano de Derecho Procesal invitan a todos los interesados a participar en el V Congreso Nacional de Semilleros de Derecho Procesal. Tema: Derechos Humanos y Proceso, a desarrollarse el pr\u00f3ximo 4 de junio de 2022 en el Sal\u00f3n de Usos M\u00faltiples de la Universidad Iberoamericana de Tijuana, ubicada en el  Centro Universitario n\u00famero 2,5001 Playas de Tijuana 22500, Tijuana B.C.<br>De acuerdo con el programa este evento se llevar\u00e1 a cabo de 9 a 15 horas. En la modalidad H\u00edbrida(Presencial y Online a trav\u00e9s de la p\u00e1gina de Capacitaci\u00f3n MaGister).<br>El Doctor Gilberto Far\u00edas Morales inform\u00f3 que en este congreso habr\u00e1 importantes conferencias y mesas de trabajo. La entrada es Gratuita. <br>Podr\u00e1n participa los estudiantes de las carreras de derecho,filosof\u00eda,ciencias pol\u00edticas o a fines a la tem\u00e1tica del concurso, que se encuentren inscritos en el nivel de pregrado(Licenciatura) en alguna de las facultades legalmente establecidas en el pa\u00eds y en el extranjero.<br>Destac\u00f3 que el objetivo del Congreso:Se busca que los estudiantes investiguen,razonen,analicen,reflexionen,cuestionen, critiquen y propongan argumentos constitucionales,sustanciales, probatorios en torno a los Derechos Humanos y el Proceso.<br><br><br><br><br><br><br><br><br><br><br><br><br><br><br><br><br><br><br><br><br><br><br><br><br><br><br><\/p>\n","protected":false},"excerpt":{"rendered":"<p>\u00b0Ser\u00e1 el pr\u00f3ximo 4 de junio en la Universidad Iberoamericana de Tijuana B.C.\u00b0Se abordar\u00e1 el tema de Derechos Humanos y<\/p>\n","protected":false},"author":2,"featured_media":34986,"comment_status":"open","ping_status":"open","sticky":false,"template":"","format":"standard","meta":{"colormag_page_container_layout":"default_layout","colormag_page_sidebar_layout":"default_layout","footnotes":""},"categories":[2],"tags":[],"class_list":["post-34980","post","type-post","status-publish","format-standard","has-post-thumbnail","hentry","category-infogral"],"_links":{"self":[{"href":"http:\/\/vocesver.com\/noticias\/wp-json\/wp\/v2\/posts\/34980","targetHints":{"allow":["GET"]}}],"collection":[{"href":"http:\/\/vocesver.com\/noticias\/wp-json\/wp\/v2\/posts"}],"about":[{"href":"http:\/\/vocesver.com\/noticias\/wp-json\/wp\/v2\/types\/post"}],"author":[{"embeddable":true,"href":"http:\/\/vocesver.com\/noticias\/wp-json\/wp\/v2\/users\/2"}],"replies":[{"embeddable":true,"href":"http:\/\/vocesver.com\/noticias\/wp-json\/wp\/v2\/comments?post=34980"}],"version-history":[{"count":2,"href":"http:\/\/vocesver.com\/noticias\/wp-json\/wp\/v2\/posts\/34980\/revisions"}],"predecessor-version":[{"id":34985,"href":"http:\/\/vocesver.com\/noticias\/wp-json\/wp\/v2\/posts\/34980\/revisions\/34985"}],"wp:featuredmedia":[{"embeddable":true,"href":"http:\/\/vocesver.com\/noticias\/wp-json\/wp\/v2\/media\/34986"}],"wp:attachment":[{"href":"http:\/\/vocesver.com\/noticias\/wp-json\/wp\/v2\/media?parent=34980"}],"wp:term":[{"taxonomy":"category","embeddable":true,"href":"http:\/\/vocesver.com\/noticias\/wp-json\/wp\/v2\/categories?post=34980"},{"taxonomy":"post_tag","embeddable":true,"href":"http:\/\/vocesver.com\/noticias\/wp-json\/wp\/v2\/tags?post=34980"}],"curies":[{"name":"wp","href":"https:\/\/api.w.org\/{rel}","templated":true}]}}