{"id":34947,"date":"2022-05-06T20:01:03","date_gmt":"2022-05-06T20:01:03","guid":{"rendered":"http:\/\/vocesver.com\/noticias\/?p=34947"},"modified":"2022-05-07T13:57:56","modified_gmt":"2022-05-07T13:57:56","slug":"ambientalistas-se-maniiestan-en-bajos-del-palacio-municipal-de-veracruz","status":"publish","type":"post","link":"http:\/\/vocesver.com\/noticias\/ambientalistas-se-maniiestan-en-bajos-del-palacio-municipal-de-veracruz\/","title":{"rendered":"AMBIENTALISTAS SE MANIFIESTAN EN BAJOS DEL PALACIO MUNICIPAL DE  VERACRUZ."},"content":{"rendered":"\n<p><br><br>\u00b0Con diversos mensajes demandan m\u00e1s respectos a los animales.<br>\u00b0Pertenecen a la organizaci\u00f3n \u00abPuebla Animal Save\u00bb<\/p>\n\n\n\n<p>AUSENCIO RIVERA\/VOCESVER.COM\/NOTICIAS<br><br>Veracruz,Ver.- a 6 de Mayo 2022,.Un grupo de ambientalistas pertenecientes a la organizaci\u00f3n \u201cPuebla Animal SAVE\u201dse manifestar\u00f3n la ma\u00f1ana de este viernes en los bajos del Palacio Municipal con pintas alusivas al respeto animal e incluso escribieron diversos mensajes en el piso a un costado del Ayuntamiento de Veracruz.<br>La protesta se viene realizando en diversos estados y municipios del pa\u00eds, la idea es hacer m\u00e1s conciencia entre la poblaci\u00f3n sobre el respeto a los animales.<br><br><br><br><br><br><br><br><br><br><br><br><br><br><br><br><br><br><br><br><br><br><br><br><br><br><br><br><br><br><br><br><br><br><br><\/p>\n","protected":false},"excerpt":{"rendered":"<p>\u00b0Con diversos mensajes demandan m\u00e1s respectos a los animales.\u00b0Pertenecen a la organizaci\u00f3n \u00abPuebla Animal Save\u00bb AUSENCIO RIVERA\/VOCESVER.COM\/NOTICIAS Veracruz,Ver.- a 6<\/p>\n","protected":false},"author":2,"featured_media":34953,"comment_status":"open","ping_status":"open","sticky":false,"template":"","format":"standard","meta":{"colormag_page_container_layout":"default_layout","colormag_page_sidebar_layout":"default_layout","footnotes":""},"categories":[2],"tags":[],"class_list":["post-34947","post","type-post","status-publish","format-standard","has-post-thumbnail","hentry","category-infogral"],"_links":{"self":[{"href":"http:\/\/vocesver.com\/noticias\/wp-json\/wp\/v2\/posts\/34947","targetHints":{"allow":["GET"]}}],"collection":[{"href":"http:\/\/vocesver.com\/noticias\/wp-json\/wp\/v2\/posts"}],"about":[{"href":"http:\/\/vocesver.com\/noticias\/wp-json\/wp\/v2\/types\/post"}],"author":[{"embeddable":true,"href":"http:\/\/vocesver.com\/noticias\/wp-json\/wp\/v2\/users\/2"}],"replies":[{"embeddable":true,"href":"http:\/\/vocesver.com\/noticias\/wp-json\/wp\/v2\/comments?post=34947"}],"version-history":[{"count":4,"href":"http:\/\/vocesver.com\/noticias\/wp-json\/wp\/v2\/posts\/34947\/revisions"}],"predecessor-version":[{"id":34973,"href":"http:\/\/vocesver.com\/noticias\/wp-json\/wp\/v2\/posts\/34947\/revisions\/34973"}],"wp:featuredmedia":[{"embeddable":true,"href":"http:\/\/vocesver.com\/noticias\/wp-json\/wp\/v2\/media\/34953"}],"wp:attachment":[{"href":"http:\/\/vocesver.com\/noticias\/wp-json\/wp\/v2\/media?parent=34947"}],"wp:term":[{"taxonomy":"category","embeddable":true,"href":"http:\/\/vocesver.com\/noticias\/wp-json\/wp\/v2\/categories?post=34947"},{"taxonomy":"post_tag","embeddable":true,"href":"http:\/\/vocesver.com\/noticias\/wp-json\/wp\/v2\/tags?post=34947"}],"curies":[{"name":"wp","href":"https:\/\/api.w.org\/{rel}","templated":true}]}}