{"id":34943,"date":"2022-05-06T14:25:40","date_gmt":"2022-05-06T14:25:40","guid":{"rendered":"http:\/\/vocesver.com\/noticias\/?p=34943"},"modified":"2022-05-06T14:27:05","modified_gmt":"2022-05-06T14:27:05","slug":"mediante-carta-abiertacomite-alma-de-pirata-pide-a-gobernador-autorice-reubicacion-de-estatua-de-luis-de-la-fuente-y-hoyosel-pirata-fuente","status":"publish","type":"post","link":"http:\/\/vocesver.com\/noticias\/mediante-carta-abiertacomite-alma-de-pirata-pide-a-gobernador-autorice-reubicacion-de-estatua-de-luis-de-la-fuente-y-hoyosel-pirata-fuente\/","title":{"rendered":"MEDIANTE CARTA ABIERTA,COMIT\u00c9\u201d ALMA DE PIRATA\u201d PIDE A GOBERNADOR AUTORICE REUBICACI\u00d3N DE ESTATUA  DE LUIS DE LA FUENTE Y HOYOS\u201dEL PIRATA FUENTE\u201d."},"content":{"rendered":"\n<p>.<br>\u00b0La carta circula en redes sociales y diversos diarios del Estado de Veracruz.<br>AUSENCIO RIVERA\/VOCESVER.COM\/NOTICIAS<br>Veracruz,Ver.- A 6 de Mayo 2022\u2026.El comit\u00e9 \u201cAlma de Pirata\u201d que preside de manera atinada el Dr.Gilberto Far\u00edas Morales envi\u00f3 una carta abierta al Gobernador Constitucional del Estado de Veracruz de Ignacio de la Llave solicitando su autorizaci\u00f3n para que de manera urgente la estatua de Luis de la Fuente y Hoyos\u201d El Pirata Fuente\u201dsea reubicada dentro del mismo inmueble,pero a las afueras del estadio.<br>El destacado jurista veracruzano le recuerda que esta obra fue realizada como un homenaje al legendario jugador e \u00eddolo Veracruzano con el fin de que fuera admirada por la afici\u00f3n y los visitantes a nuestra entidad.<br>En la carta el Mtro. Gilberto Far\u00edas Morales hace menci\u00f3n que mediante el contrato de donaci\u00f3n de fecha 26 de julio de 2019, \u00e9ste comit\u00e9 a t\u00edtulo gratuito don\u00f3 al Gobierno del Estado la estatua antes mencionada e incluso le recuerda al mandatario veracruzano la estatua fue develada por usted, actualmente colocada en el estadio de f\u00fatbol que lleva el nombre de este legendario futbolista.<br>Puntualiz\u00f3 que ante al ausencia de equipo a nivel profesional y a  virtud de un conflicto judicial con un particular el estadio se encuentra totalmente deteriorado en todas sus instalaciones y como consecuencia de ello la estatua presenta un fatal abandono y da\u00f1os en su estructura que avanzan con el paso del tiempo,<br>En dicho escrito el presidente del comit\u00e9 \u201cAlma de Pirata\u201d destac\u00f3 que conforme al contrato de donaci\u00f3n es necesario la autorizaci\u00f3n de usted como ejecutivo estatal la cual solicitamos a nombre propio y del pueblo de Veracruz.<br>La carta tiene fecha 6 de mayo 2022  y esta firmada por el presidente de este comit\u00e9:<br>Licenciado Gilberto Farias Morales y dem\u00e1s integrantes entre ellos:Mtro.Jorge Reyes Peralta,Mtro Mario L\u00f3pez de Escalera,Matro. Jorge Reyes Leo. Lic. Ignacio G\u00f3mez Bravo y el licenciado Pedro Mu\u00f1oz Zamudio\u2026..<br><br><br><br><br><br><br><br><br><br><br><br><br><br><br><br><br><br><br><br><br><br><br><br><br><br><br><br><br><br><br><br><br><br><br><br><br><\/p>\n","protected":false},"excerpt":{"rendered":"<p>.\u00b0La carta circula en redes sociales y diversos diarios del Estado de Veracruz.AUSENCIO RIVERA\/VOCESVER.COM\/NOTICIASVeracruz,Ver.- A 6 de Mayo 2022\u2026.El comit\u00e9<\/p>\n","protected":false},"author":2,"featured_media":34949,"comment_status":"open","ping_status":"open","sticky":false,"template":"","format":"standard","meta":{"colormag_page_container_layout":"default_layout","colormag_page_sidebar_layout":"default_layout","footnotes":""},"categories":[2],"tags":[],"class_list":["post-34943","post","type-post","status-publish","format-standard","has-post-thumbnail","hentry","category-infogral"],"_links":{"self":[{"href":"http:\/\/vocesver.com\/noticias\/wp-json\/wp\/v2\/posts\/34943","targetHints":{"allow":["GET"]}}],"collection":[{"href":"http:\/\/vocesver.com\/noticias\/wp-json\/wp\/v2\/posts"}],"about":[{"href":"http:\/\/vocesver.com\/noticias\/wp-json\/wp\/v2\/types\/post"}],"author":[{"embeddable":true,"href":"http:\/\/vocesver.com\/noticias\/wp-json\/wp\/v2\/users\/2"}],"replies":[{"embeddable":true,"href":"http:\/\/vocesver.com\/noticias\/wp-json\/wp\/v2\/comments?post=34943"}],"version-history":[{"count":2,"href":"http:\/\/vocesver.com\/noticias\/wp-json\/wp\/v2\/posts\/34943\/revisions"}],"predecessor-version":[{"id":34948,"href":"http:\/\/vocesver.com\/noticias\/wp-json\/wp\/v2\/posts\/34943\/revisions\/34948"}],"wp:featuredmedia":[{"embeddable":true,"href":"http:\/\/vocesver.com\/noticias\/wp-json\/wp\/v2\/media\/34949"}],"wp:attachment":[{"href":"http:\/\/vocesver.com\/noticias\/wp-json\/wp\/v2\/media?parent=34943"}],"wp:term":[{"taxonomy":"category","embeddable":true,"href":"http:\/\/vocesver.com\/noticias\/wp-json\/wp\/v2\/categories?post=34943"},{"taxonomy":"post_tag","embeddable":true,"href":"http:\/\/vocesver.com\/noticias\/wp-json\/wp\/v2\/tags?post=34943"}],"curies":[{"name":"wp","href":"https:\/\/api.w.org\/{rel}","templated":true}]}}