{"id":34931,"date":"2022-05-05T20:22:24","date_gmt":"2022-05-05T20:22:24","guid":{"rendered":"http:\/\/vocesver.com\/noticias\/?p=34931"},"modified":"2022-05-05T20:24:00","modified_gmt":"2022-05-05T20:24:00","slug":"encabeza-gobernador-cuitlahuac-garcia-conmemoracion-de-la-batalla-de-puebla","status":"publish","type":"post","link":"http:\/\/vocesver.com\/noticias\/encabeza-gobernador-cuitlahuac-garcia-conmemoracion-de-la-batalla-de-puebla\/","title":{"rendered":"Encabeza gobernador Cuitl\u00e1huac Garc\u00eda conmemoraci\u00f3n de la Batalla de Puebla"},"content":{"rendered":"\n<p>Honran legado del Ej\u00e9rcito Mexicano y el General Ignacio de la Llave**Honran legado del Ej\u00e9rcito Mexicano y el General Ignacio de la Llave<br><br><br>REDACCI\u00d3N\/VOCESVER.COM\/NOTICIAS<br><br>Xalapa, Ver, 05 de mayo de 2022.-* Frente al monumento a Benito Ju\u00e1rez, el gobernador Cuitl\u00e1huac Garc\u00eda Jim\u00e9nez encabez\u00f3 la conmemoraci\u00f3n por el 160 aniversario de la Batalla de Puebla, donde se record\u00f3 al General Ignacio Zaragoza, comandante del Ej\u00e9rcito de Oriente, quien en 1862 lider\u00f3 la victoria de las tropas mexicanas sobre el ej\u00e9rcito franc\u00e9s, llenando de gloria las armas nacionales.<br><br>En su discurso, el secretario de Educaci\u00f3n de Veracruz, Zenyazen Escobar Garc\u00eda, evoc\u00f3 la participaci\u00f3n del exgobernador Ignacio de la Llave Segura al enviar la artiller\u00eda de San Juan de Ul\u00faa hacia los fuertes de Loreto y Guadalupe, lo que ayud\u00f3 a reservar las fuerzas federales y prepararlas al enfrentamiento.<br><br>Posteriormente, volvi\u00f3 a intervenir en la defensa de Puebla en abril de 1863, siendo capturado y enviado al puerto para ser llevado como prisionero de guerra a Francia. Entonces el General promovi\u00f3 su huida con la urgencia de alcanzar al presidente Benito Ju\u00e1rez; sin embargo, la escolta se sublev\u00f3 y De la Llave fue gravemente herido, muriendo el 23 de junio de 1863.<br><br>\u201cSu valor y ejemplo lo seguimos honrando y por eso nuestro estado lleva como nombre oficial Veracruz de Ignacio de la Llave. No s\u00f3lo debemos recordar la defensa de la patria, sino que la uni\u00f3n puede hacer frente a grandes rivales, como lo dej\u00f3 claro este grupo de mexicanos\u201d.<br><br>A la ceremonia asistieron las presidentas del Tribunal Superior de Justicia, magistrada Isabel In\u00e9s Romero Cruz, y de la Mesa Directiva del Congreso, diputada Cecilia Josefina Guevara Guembe; el comandante de la 26\u00aa Zona Militar, General Jos\u00e9 Francisco Camarena Hern\u00e1ndez; el director de la Heroica Escuela Naval Militar, Contralmirante Sa\u00fal Hiram Bandala Garza; el alcalde Ricardo Ahued Bardahuil e integrantes del Gabinete y la Coordinaci\u00f3n Estatal para la Construcci\u00f3n de la Paz.<br><br><br><br><br><br><br><br><br><br><br><br><br><br><br><br><br><br><br><br><br><br><br><br><br><br><br><br><br><br><br><br><br><br><br><br><br><br><br><br><br><\/p>\n","protected":false},"excerpt":{"rendered":"<p>Honran legado del Ej\u00e9rcito Mexicano y el General Ignacio de la Llave**Honran legado del Ej\u00e9rcito Mexicano y el General Ignacio<\/p>\n","protected":false},"author":2,"featured_media":34937,"comment_status":"open","ping_status":"open","sticky":false,"template":"","format":"standard","meta":{"colormag_page_container_layout":"default_layout","colormag_page_sidebar_layout":"default_layout","footnotes":""},"categories":[2],"tags":[],"class_list":["post-34931","post","type-post","status-publish","format-standard","has-post-thumbnail","hentry","category-infogral"],"_links":{"self":[{"href":"http:\/\/vocesver.com\/noticias\/wp-json\/wp\/v2\/posts\/34931","targetHints":{"allow":["GET"]}}],"collection":[{"href":"http:\/\/vocesver.com\/noticias\/wp-json\/wp\/v2\/posts"}],"about":[{"href":"http:\/\/vocesver.com\/noticias\/wp-json\/wp\/v2\/types\/post"}],"author":[{"embeddable":true,"href":"http:\/\/vocesver.com\/noticias\/wp-json\/wp\/v2\/users\/2"}],"replies":[{"embeddable":true,"href":"http:\/\/vocesver.com\/noticias\/wp-json\/wp\/v2\/comments?post=34931"}],"version-history":[{"count":2,"href":"http:\/\/vocesver.com\/noticias\/wp-json\/wp\/v2\/posts\/34931\/revisions"}],"predecessor-version":[{"id":34936,"href":"http:\/\/vocesver.com\/noticias\/wp-json\/wp\/v2\/posts\/34931\/revisions\/34936"}],"wp:featuredmedia":[{"embeddable":true,"href":"http:\/\/vocesver.com\/noticias\/wp-json\/wp\/v2\/media\/34937"}],"wp:attachment":[{"href":"http:\/\/vocesver.com\/noticias\/wp-json\/wp\/v2\/media?parent=34931"}],"wp:term":[{"taxonomy":"category","embeddable":true,"href":"http:\/\/vocesver.com\/noticias\/wp-json\/wp\/v2\/categories?post=34931"},{"taxonomy":"post_tag","embeddable":true,"href":"http:\/\/vocesver.com\/noticias\/wp-json\/wp\/v2\/tags?post=34931"}],"curies":[{"name":"wp","href":"https:\/\/api.w.org\/{rel}","templated":true}]}}