{"id":34912,"date":"2022-05-04T20:30:58","date_gmt":"2022-05-04T20:30:58","guid":{"rendered":"http:\/\/vocesver.com\/noticias\/?p=34912"},"modified":"2022-05-04T20:31:01","modified_gmt":"2022-05-04T20:31:01","slug":"aniversario-de-la-batalla-de-puebla-el-5-de-mayo-es-dia-feriado","status":"publish","type":"post","link":"http:\/\/vocesver.com\/noticias\/aniversario-de-la-batalla-de-puebla-el-5-de-mayo-es-dia-feriado\/","title":{"rendered":"Aniversario de la Batalla de Puebla: \u00bfel 5 de mayo es d\u00eda feriado?"},"content":{"rendered":"\n<p><br><br><br>El 5 de mayo de 1862, Francia fue derrotado por el ej\u00e9rcito mexicano, hecho conocido como la Batalla de Puebla. Foto: shutterstock.com.<br><br><br>REDACCI\u00d3N\/VOCESVER.COM7NOTICIAS<br><br>NACIONAL.- A  4 DE MAYO 2022.. INF. DE EDUARDO GALV\u00c1N\/M\u00c9XICO\/UNOTV&#8230;&#8230;.El 5 de mayo se conmemora la Batalla de Puebla, que marca la victoria del Ej\u00e9rcito mexicano contra la invasi\u00f3n francesa, fecha establecida en el Calendario Escolar 2021-2022 de la Secretar\u00eda de Educaci\u00f3n P\u00fablica (SEP) como d\u00eda de suspensi\u00f3n de labores docentes, por lo que los alumnos de educaci\u00f3n b\u00e1sica no tendr\u00e1n clases.<br><br><br>\u00bfEs d\u00eda feriado el 5 de mayo, d\u00eda de la Batalla de Puebla?<br>Contrario a los estudiantes de educaci\u00f3n b\u00e1sica, los trabajadores no descansar\u00e1n ese d\u00eda, pues el 5 de mayo no est\u00e1 contemplado como d\u00eda de descanso obligatorio o feriado, de acuerdo con la Ley Federal del Trabajo, vigente en 2022.<br><br>\u00bfD\u00edas de descanso obligatorio o feriados de 2022?<br>Aunado a lo anterior, surge una duda entre los trabajadores: \u00bfqu\u00e9 d\u00edas de descanso obligatorio le restan a 2022? Toma nota:  <br><br><br>1 de mayo: D\u00eda del Trabajo (cae en domingo)<br>16 de septiembre: Independencia de M\u00e9xico (cae en viernes)<br>20 de noviembre: D\u00eda de la Revoluci\u00f3n (se recorre al lunes 21 de noviembre)<br>25 de diciembre: Navidad (domingo)<br>Antecedente de la Batalla de Puebla de 1862<br>El 5 de mayo de 1862 fue la primera vez que el Ej\u00e9rcito mexicano se enfrent\u00f3 satisfactoriamente a una potencia extranjera desde la independencia de M\u00e9xico en 1810.<br><br>El antecedente a la invasi\u00f3n francesa fue la Guerra de Reforma, que trajo consecuencias severas para M\u00e9xico, una de ellas, la crisis econ\u00f3mica que orill\u00f3 al presidente Benito Ju\u00e1rez a suspender el pago de las deudas contra\u00eddas con otros pa\u00edses.<br><br>Afectados sus intereses, Francia, Inglaterra y Espa\u00f1a enviaron tropas a las costas mexicanas; no obstante, debido a las negociaciones diplom\u00e1ticas y a la firma de los Tratados de La Soledad, el Gobierno mexicano se comprometi\u00f3 a realizar los pagos correspondientes.<br><br>Por ello, Inglaterra y Espa\u00f1a abandonaron el territorio nacional; sin embargo, Francia no cumpli\u00f3 con lo pactado en los citados tratados y comenzaron una intervenci\u00f3n armada en M\u00e9xico, siendo derrotados en el Fuerte de Guadalupe, ubicado en Puebla.  <br><br><br><br><br><br>INF. DE EDUARDO GALV\u00c1N\/M\u00c9XICO\/UNOTV&#8230;&#8230;<br><br><br><br><br><br><br><br><br><br><br><br><br><br><br><br><br><br><br><br><br><br><br><br><br><br><br><br><\/p>\n","protected":false},"excerpt":{"rendered":"<p>El 5 de mayo de 1862, Francia fue derrotado por el ej\u00e9rcito mexicano, hecho conocido como la Batalla de Puebla.<\/p>\n","protected":false},"author":2,"featured_media":34918,"comment_status":"open","ping_status":"open","sticky":false,"template":"","format":"standard","meta":{"colormag_page_container_layout":"default_layout","colormag_page_sidebar_layout":"default_layout","footnotes":""},"categories":[5],"tags":[],"class_list":["post-34912","post","type-post","status-publish","format-standard","has-post-thumbnail","hentry","category-nacional"],"_links":{"self":[{"href":"http:\/\/vocesver.com\/noticias\/wp-json\/wp\/v2\/posts\/34912","targetHints":{"allow":["GET"]}}],"collection":[{"href":"http:\/\/vocesver.com\/noticias\/wp-json\/wp\/v2\/posts"}],"about":[{"href":"http:\/\/vocesver.com\/noticias\/wp-json\/wp\/v2\/types\/post"}],"author":[{"embeddable":true,"href":"http:\/\/vocesver.com\/noticias\/wp-json\/wp\/v2\/users\/2"}],"replies":[{"embeddable":true,"href":"http:\/\/vocesver.com\/noticias\/wp-json\/wp\/v2\/comments?post=34912"}],"version-history":[{"count":2,"href":"http:\/\/vocesver.com\/noticias\/wp-json\/wp\/v2\/posts\/34912\/revisions"}],"predecessor-version":[{"id":34919,"href":"http:\/\/vocesver.com\/noticias\/wp-json\/wp\/v2\/posts\/34912\/revisions\/34919"}],"wp:featuredmedia":[{"embeddable":true,"href":"http:\/\/vocesver.com\/noticias\/wp-json\/wp\/v2\/media\/34918"}],"wp:attachment":[{"href":"http:\/\/vocesver.com\/noticias\/wp-json\/wp\/v2\/media?parent=34912"}],"wp:term":[{"taxonomy":"category","embeddable":true,"href":"http:\/\/vocesver.com\/noticias\/wp-json\/wp\/v2\/categories?post=34912"},{"taxonomy":"post_tag","embeddable":true,"href":"http:\/\/vocesver.com\/noticias\/wp-json\/wp\/v2\/tags?post=34912"}],"curies":[{"name":"wp","href":"https:\/\/api.w.org\/{rel}","templated":true}]}}