{"id":34883,"date":"2022-05-03T12:25:34","date_gmt":"2022-05-03T12:25:34","guid":{"rendered":"http:\/\/vocesver.com\/noticias\/?p=34883"},"modified":"2022-05-03T12:27:38","modified_gmt":"2022-05-03T12:27:38","slug":"es-tiempo-de-no-bajar-la-guardia-es-tiempo-de-que-nuestra-voz-se-siga-escuchando-es-tiempo-de-lucha-sergio-cadena","status":"publish","type":"post","link":"http:\/\/vocesver.com\/noticias\/es-tiempo-de-no-bajar-la-guardia-es-tiempo-de-que-nuestra-voz-se-siga-escuchando-es-tiempo-de-lucha-sergio-cadena\/","title":{"rendered":"Es tiempo de no bajar la guardia, es tiempo de que nuestra voz se siga escuchando, \u00a1es tiempo de lucha!: Sergio Cadena"},"content":{"rendered":"\n<p><br>El Comit\u00e9 de Defensa Popular de Zaragoza celebra su 43 aniversario<br><br>AUSENCIO RIVERA\/VOCESVER.COM\/NOTICIAS<br><br><br>Zaragoza, Ver., a 03 de mayo de 2022.- El Presidente de la Direcci\u00f3n Ejecutiva Estatal del PRD en Veracruz, Sergio Cadena Mart\u00ednez, celebr\u00f3 el aniversario n\u00famero 43 del Comit\u00e9 de Defensa Popular de Zaragoza (CDPZ), en Zaragoza, Veracruz.<br><br>Junto al presidente del CDPZ, Tom\u00e1s Rigoberto Calder\u00f3n Martinez (ex s\u00edndico del municipio) , Sergio Cadena se uni\u00f3 a la caminata conmemorativa, como parte de la celebraci\u00f3n del aniversario.<br><br>Resalt\u00f3 el antecedente hist\u00f3rico que dejaron los hombres y mujeres que dieron vida a esta organizaci\u00f3n social y quienes han mantenido la lucha a lo largo de los a\u00f1os.<br><br>\u00abNo se puede hablar de Zaragoza sin reconocer los logros que el Comit\u00e9 de Defensa Popular de Zaragoza ha conquistado\u00bb, expres\u00f3.<br><br>Reconoci\u00f3 que la lucha no ha sido f\u00e1cil, por lo que exhort\u00f3 a los j\u00f3venes a retomar con fuerza, coraje y valent\u00eda de quienes antecedieron esta labor, demostrando que lo imposible s\u00ed es posible.<br><br>\u00abNo fue f\u00e1cil, fue dif\u00edcil y complicado, pero este movimiento  como la lava que hierve dentro de un volc\u00e1n, fue creciendo, se fue calentando hasta irrumpir con la fuerza que le hemos conocido a este gran comit\u00e9\u00bb.<br><br>La agrupaci\u00f3n surge el 17 de marzo de 1979 con un contingente de aproximadamente 40 ciudadanos, inconformes por los desmanes cometidos por los cacicazgos de ese entonces, lo que posteriormente ser\u00eda conocido como el CDPZ.<br><br>Los pobladores cansados de las  injusticias, imposiciones y arbitrariedades de los caciques asentados en el municipio, se levantaron y se organizaron para salir con palos de puntas en mano (conocidos como chuzos) a las calles, a manifestarse y luchar contra todo lo que ellos consideraban abusos y prepotencia.<br><br>Es importante mencionar que de sus filas surgieron buenos e hist\u00f3ricos alcaldes que contribuyeron con lo que hoy en d\u00eda es Zaragoza, a trav\u00e9s del PRD (seis administraciones).<br><br>Por \u00faltimo, el Presidente estatal del Sol Azteca veracruzano, hizo llegar la felicitaci\u00f3n de parte del presidente nacional del PRD, Jes\u00fas Zambrano Grijalva, quien por su conducto, se uni\u00f3 a la festividad.<br><br>Cabe mencionar que se cont\u00f3 con la presencia de Higinio Cruz Mart\u00ednez, secretario general del CDPZ; Mar\u00eda Hern\u00e1ndez Mart\u00ednez, tesorera del comit\u00e9; Nicol\u00e1s Francisco Cruz, regidor \u00fanico del Ayuntamiento de Zaragoza; Daniel G\u00f3mez Santiago, presidente del Comit\u00e9 municipal del PRD en Zaragoza; Suri Zara\u00ed P\u00e9rez, regidora del Ayuntamiento de Texistepec; Hugo Torres Villegas, regidor del Ayuntamiento de Minatitl\u00e1n; Jos\u00e9 Antonio Le\u00f3n Mendivil, exdiputado federal; Abelardo Alto Ventura, delegado del comit\u00e9 estatal del PRD en el distrito de Cosoleacaque, y Domingo Flores, consejero estatal del PRD.<br><br>Asimismo, se realiz\u00f3 la premiaci\u00f3n a j\u00f3venes que se desempe\u00f1aron en diversas ramas deportivas, impulsados por el Comit\u00e9.<br><br><br><br><br><br><br><br><br><br><br><br><br><br><br><br><br><br><br><br><br><br><br><br><br><br><br><br><br><br><br><\/p>\n","protected":false},"excerpt":{"rendered":"<p>El Comit\u00e9 de Defensa Popular de Zaragoza celebra su 43 aniversario AUSENCIO RIVERA\/VOCESVER.COM\/NOTICIAS Zaragoza, Ver., a 03 de mayo de<\/p>\n","protected":false},"author":2,"featured_media":34889,"comment_status":"open","ping_status":"open","sticky":false,"template":"","format":"standard","meta":{"colormag_page_container_layout":"default_layout","colormag_page_sidebar_layout":"default_layout","footnotes":""},"categories":[4],"tags":[],"class_list":["post-34883","post","type-post","status-publish","format-standard","has-post-thumbnail","hentry","category-estatal"],"_links":{"self":[{"href":"http:\/\/vocesver.com\/noticias\/wp-json\/wp\/v2\/posts\/34883","targetHints":{"allow":["GET"]}}],"collection":[{"href":"http:\/\/vocesver.com\/noticias\/wp-json\/wp\/v2\/posts"}],"about":[{"href":"http:\/\/vocesver.com\/noticias\/wp-json\/wp\/v2\/types\/post"}],"author":[{"embeddable":true,"href":"http:\/\/vocesver.com\/noticias\/wp-json\/wp\/v2\/users\/2"}],"replies":[{"embeddable":true,"href":"http:\/\/vocesver.com\/noticias\/wp-json\/wp\/v2\/comments?post=34883"}],"version-history":[{"count":2,"href":"http:\/\/vocesver.com\/noticias\/wp-json\/wp\/v2\/posts\/34883\/revisions"}],"predecessor-version":[{"id":34888,"href":"http:\/\/vocesver.com\/noticias\/wp-json\/wp\/v2\/posts\/34883\/revisions\/34888"}],"wp:featuredmedia":[{"embeddable":true,"href":"http:\/\/vocesver.com\/noticias\/wp-json\/wp\/v2\/media\/34889"}],"wp:attachment":[{"href":"http:\/\/vocesver.com\/noticias\/wp-json\/wp\/v2\/media?parent=34883"}],"wp:term":[{"taxonomy":"category","embeddable":true,"href":"http:\/\/vocesver.com\/noticias\/wp-json\/wp\/v2\/categories?post=34883"},{"taxonomy":"post_tag","embeddable":true,"href":"http:\/\/vocesver.com\/noticias\/wp-json\/wp\/v2\/tags?post=34883"}],"curies":[{"name":"wp","href":"https:\/\/api.w.org\/{rel}","templated":true}]}}