{"id":34879,"date":"2022-05-03T12:16:03","date_gmt":"2022-05-03T12:16:03","guid":{"rendered":"http:\/\/vocesver.com\/noticias\/?p=34879"},"modified":"2022-05-03T12:18:17","modified_gmt":"2022-05-03T12:18:17","slug":"insensibles-funcionarios-de-gobierno-del-estado-niegan-reubicacion-de-estatua-de-luis-el-pirata-fuentefarias-morales","status":"publish","type":"post","link":"http:\/\/vocesver.com\/noticias\/insensibles-funcionarios-de-gobierno-del-estado-niegan-reubicacion-de-estatua-de-luis-el-pirata-fuentefarias-morales\/","title":{"rendered":"INSENSIBLES FUNCIONARIOS DE GOBIERNO DEL ESTADO,  NIEGAN REUBICACI\u00d3N DE ESTATUA  DE LUIS \u201cEL PIRATA\u201d  FUENTE:FAR\u00cdAS MORALES"},"content":{"rendered":"\n<p><br><br>\u00b0Esto a pesar de que se sigue deteriorando, <br>comit\u00e9 \u201cCon Alma de Pirata\u201d indignado por esa decisi\u00f3n.<br>AUSENCIO RIVERA\/VOCESVER.COM\/NOTICIAS<br><br>Veracruz,Ver.- a 3 de Mayo 2022.- El Matro.Arturo Sosa V\u00e1zquez Director General de Patrimonio del Estado de Veracruz a trav\u00e9s del ofici\u00f3 1,350 \/ DGG\/O47\/2022 neg\u00f3 que la estatua del futbolista veracruzano Luis \u00abEl Pirata\u00bb Fuente sea removida del lugar  pese a que se sigue deteriorando lo que caus\u00f3 la indignaci\u00f3n del comit\u00e9 \u00abCon Alma de Pirata\u00bb .<br>El presidente de dicho comit\u00e9 Doctor Gilberto Far\u00edas Morales afirm\u00f3 textualmente; \u00abLamentamos profundamente la falta de sensibilidad de los funcionarios del Gobierno del Estado de Veracruz ante esta esa negativa\u00bb.<br>\u00abDe NO permitir la reubicaci\u00f3n de la estatua de LUIS DE LA FUENTE Y HOYOS el \u00abPIRATA FUENTE\u00bb bajo un argumento legal inexistente, toda vez que por una parte hablan de llevar equipo de f\u00fatbol al puerto y por otra manifiestan un impedimento legal para reubicar la efigie de este \u00eddolo de la afici\u00f3n veracruzana cuyo deterioro d\u00eda a d\u00eda es cada vez mayor\u00bb.<br>El oficio firmado por el maestro Arturo Sosa V\u00e1zquez con n\u00famero DGPE\/SBI, 1350\/2022 dice lo siguiente; en atenci\u00f3n al oficio n\u00famero DGG\/ 047\/2022 signado por el director general de gobernaci\u00f3n en el que turna su solicitud de intervenir para la reubicaci\u00f3n de la Estatua Luis pirata fuente y Hoyos que se encuentra ubicada en el estadio que lleva su nombre para colocarla en el camell\u00f3n queda a la entrada principal del estadio (Avenida Jacarandas) esta direcci\u00f3n se encuentra imposibilitada obsequiar su petici\u00f3n toda vez que existe mandamiento judicial respecto del bien inmueble contando con una suspensi\u00f3n provisional para que las cosas se mantengan en el estado en que se encuentran. Raz\u00f3n por la cual no es posible darle curso a su petici\u00f3n.<br>Por otro lado, el Dr. Far\u00edas Morales extern\u00f3 su agradecimiento al Alcalde de Boca del R\u00edo Juan Manuel Unanue  por la atenci\u00f3n y facilidad prestada para la reubicaci\u00f3n.<br><br><br><br><br><br><br><br><br><br><br><br><br><br><br><br><br><br><br><br><br><br><br><br><br><br><br><br><br><br><br><br><br><br><br><br><br><br><\/p>\n","protected":false},"excerpt":{"rendered":"<p>\u00b0Esto a pesar de que se sigue deteriorando, comit\u00e9 \u201cCon Alma de Pirata\u201d indignado por esa decisi\u00f3n.AUSENCIO RIVERA\/VOCESVER.COM\/NOTICIAS Veracruz,Ver.- a<\/p>\n","protected":false},"author":2,"featured_media":34885,"comment_status":"open","ping_status":"open","sticky":false,"template":"","format":"standard","meta":{"colormag_page_container_layout":"default_layout","colormag_page_sidebar_layout":"default_layout","footnotes":""},"categories":[2],"tags":[],"class_list":["post-34879","post","type-post","status-publish","format-standard","has-post-thumbnail","hentry","category-infogral"],"_links":{"self":[{"href":"http:\/\/vocesver.com\/noticias\/wp-json\/wp\/v2\/posts\/34879","targetHints":{"allow":["GET"]}}],"collection":[{"href":"http:\/\/vocesver.com\/noticias\/wp-json\/wp\/v2\/posts"}],"about":[{"href":"http:\/\/vocesver.com\/noticias\/wp-json\/wp\/v2\/types\/post"}],"author":[{"embeddable":true,"href":"http:\/\/vocesver.com\/noticias\/wp-json\/wp\/v2\/users\/2"}],"replies":[{"embeddable":true,"href":"http:\/\/vocesver.com\/noticias\/wp-json\/wp\/v2\/comments?post=34879"}],"version-history":[{"count":2,"href":"http:\/\/vocesver.com\/noticias\/wp-json\/wp\/v2\/posts\/34879\/revisions"}],"predecessor-version":[{"id":34884,"href":"http:\/\/vocesver.com\/noticias\/wp-json\/wp\/v2\/posts\/34879\/revisions\/34884"}],"wp:featuredmedia":[{"embeddable":true,"href":"http:\/\/vocesver.com\/noticias\/wp-json\/wp\/v2\/media\/34885"}],"wp:attachment":[{"href":"http:\/\/vocesver.com\/noticias\/wp-json\/wp\/v2\/media?parent=34879"}],"wp:term":[{"taxonomy":"category","embeddable":true,"href":"http:\/\/vocesver.com\/noticias\/wp-json\/wp\/v2\/categories?post=34879"},{"taxonomy":"post_tag","embeddable":true,"href":"http:\/\/vocesver.com\/noticias\/wp-json\/wp\/v2\/tags?post=34879"}],"curies":[{"name":"wp","href":"https:\/\/api.w.org\/{rel}","templated":true}]}}