{"id":34870,"date":"2022-04-30T21:44:15","date_gmt":"2022-04-30T21:44:15","guid":{"rendered":"http:\/\/vocesver.com\/noticias\/?p=34870"},"modified":"2022-04-30T21:48:22","modified_gmt":"2022-04-30T21:48:22","slug":"comerciantes-independientes-aplauden-la-llegada-de-constellation-brands-al-municipio-de-veracruzlezama-fernandez","status":"publish","type":"post","link":"http:\/\/vocesver.com\/noticias\/comerciantes-independientes-aplauden-la-llegada-de-constellation-brands-al-municipio-de-veracruzlezama-fernandez\/","title":{"rendered":"COMERCIANTES INDEPENDIENTES APLAUDEN LA LLEGADA  DE CONSTELLATION BRANDS AL MUNICIPIO DE VERACRUZ:LEZAMA FERN\u00c1NDEZ"},"content":{"rendered":"\n<p><br>\u00b0Es un gran logro del Gobierno de la 4T que encabeza AMLO.<br>\u00b0Acciones que son respaldadas por la alcaldesa Paty Lobeira y el Gobernador Cuitl\u00e1huac Garc\u00eda J.<br>AUSENCIO RIVERA\/VOCESVER.COM\/NOTICIAS<br>Veracruz,Ver.- a 30 de Abril 2022.-La agrupaci\u00f3n de comerciantes independientes de los Mercados de Veracruz consideran como un gran acierto de los tres niveles de gobierno la instalaci\u00f3n de la empresa cervecera Constellation Brands en el municipio de Veracruz ya que \u00e9sta generar\u00e1 cientos de empleos para veracruzanos que estos momentos hacen mucha falta.<br>Al respecto el presidente de esta organizaci\u00f3n Fidel Lezama Fern\u00e1ndez explic\u00f3 que esta inversi\u00f3n extranjera detonar\u00e1 la econom\u00eda de  la congregaci\u00f3n de Vargas donde esa planta ser\u00e1 instalada y de  otras congregaciones aleda\u00f1as.<br>Reconoci\u00f3 asimismo que las acciones realizadas por el Gobierno Federal que encabeza el licenciado Andr\u00e9s Manuel L\u00f3pez Obrador comienzan a rendir frutos en beneficio de los veracruzanos.<br>Acciones que son respaldadas por la alcaldesa Patricia Lobeira de Yunes y el Gobernador del Estado de Veracruz ingeniero Cuitl\u00e1huac Garc\u00eda Jim\u00e9nez ya que le est\u00e1n dando todas las facilidades a los inversionistas para que esta planta comience a operar lo m\u00e1s pronto posible subray\u00f3.<br>Adem\u00e1s estamos seguros que en la construcci\u00f3n de esta empresa se privilegiar\u00e1 la mano de obra veracruzana que es de buena calidad asegur\u00f3.<br>Finalmente dijo que los comerciantes independientes de los mercados seguir\u00e1n insistiendo ante las autoridades municipales que compren un terreno de cien hect\u00e1reas para que ah\u00ed se cree un Supentianguis que es muy necesario.<br><br><br><br><br><br><br><br><br><br><br><br><br><br><br><br><br><br><br><br><br><br><br><br><br><br><br><br><br><br><br><\/p>\n","protected":false},"excerpt":{"rendered":"<p>\u00b0Es un gran logro del Gobierno de la 4T que encabeza AMLO.\u00b0Acciones que son respaldadas por la alcaldesa Paty Lobeira<\/p>\n","protected":false},"author":2,"featured_media":34876,"comment_status":"open","ping_status":"open","sticky":false,"template":"","format":"standard","meta":{"colormag_page_container_layout":"default_layout","colormag_page_sidebar_layout":"default_layout","footnotes":""},"categories":[2],"tags":[],"class_list":["post-34870","post","type-post","status-publish","format-standard","has-post-thumbnail","hentry","category-infogral"],"_links":{"self":[{"href":"http:\/\/vocesver.com\/noticias\/wp-json\/wp\/v2\/posts\/34870","targetHints":{"allow":["GET"]}}],"collection":[{"href":"http:\/\/vocesver.com\/noticias\/wp-json\/wp\/v2\/posts"}],"about":[{"href":"http:\/\/vocesver.com\/noticias\/wp-json\/wp\/v2\/types\/post"}],"author":[{"embeddable":true,"href":"http:\/\/vocesver.com\/noticias\/wp-json\/wp\/v2\/users\/2"}],"replies":[{"embeddable":true,"href":"http:\/\/vocesver.com\/noticias\/wp-json\/wp\/v2\/comments?post=34870"}],"version-history":[{"count":2,"href":"http:\/\/vocesver.com\/noticias\/wp-json\/wp\/v2\/posts\/34870\/revisions"}],"predecessor-version":[{"id":34875,"href":"http:\/\/vocesver.com\/noticias\/wp-json\/wp\/v2\/posts\/34870\/revisions\/34875"}],"wp:featuredmedia":[{"embeddable":true,"href":"http:\/\/vocesver.com\/noticias\/wp-json\/wp\/v2\/media\/34876"}],"wp:attachment":[{"href":"http:\/\/vocesver.com\/noticias\/wp-json\/wp\/v2\/media?parent=34870"}],"wp:term":[{"taxonomy":"category","embeddable":true,"href":"http:\/\/vocesver.com\/noticias\/wp-json\/wp\/v2\/categories?post=34870"},{"taxonomy":"post_tag","embeddable":true,"href":"http:\/\/vocesver.com\/noticias\/wp-json\/wp\/v2\/tags?post=34870"}],"curies":[{"name":"wp","href":"https:\/\/api.w.org\/{rel}","templated":true}]}}