{"id":34866,"date":"2022-04-30T21:10:45","date_gmt":"2022-04-30T21:10:45","guid":{"rendered":"http:\/\/vocesver.com\/noticias\/?p=34866"},"modified":"2022-04-30T21:11:39","modified_gmt":"2022-04-30T21:11:39","slug":"prd-veracruz-defendera-al-ine-como-organo-independiente-no-permitiremos-que-mexico-regrese-a-la-dictadura-sergio-cadena","status":"publish","type":"post","link":"http:\/\/vocesver.com\/noticias\/prd-veracruz-defendera-al-ine-como-organo-independiente-no-permitiremos-que-mexico-regrese-a-la-dictadura-sergio-cadena\/","title":{"rendered":"PRD Veracruz defender\u00e1 al INE como \u00f3rgano independiente -No permitiremos que M\u00e9xico regrese a la dictadura: Sergio Cadena"},"content":{"rendered":"\n<p><br>AUSENCIO RIVERA\/VOCESVER.COM\/NOTICIAS<br><br>Orizaba, Ver., a 30 de abril de 2022.- El Presidente de la Direcci\u00f3n Ejecutiva Estatal del PRD en Veracruz, Sergio Cadena Mart\u00ednez, se pronunci\u00f3 en contra de la Reforma Electoral que anunci\u00f3 en d\u00edas pasados el Presidente de la Rep\u00fablica Andr\u00e9s Manuel L\u00f3pez Obrador; en la que busca desaparecer al Instituto Nacional Electoral (INE).<br><br>En conferencia de prensa, Cadena Mart\u00ednez asegur\u00f3 que AMLO busca hacer una ley a modo, con la que pueda manipular a los organismos aut\u00f3nomos, volviendo as\u00ed a los a\u00f1os del viejo PRI, el partido en el poder ganaba las elecciones porque controlaban todo.<br><br>Dijo que el INE ha demostrado ser un \u00f3rgano independiente que ha cumplido su funci\u00f3n durante muchos a\u00f1os, tan es as\u00ed, que AMLO es Presidente de la Rep\u00fablica porque el instituto hizo un trabajo donde el voto ciudadano fue respetado.<br><br>Mencion\u00f3 que la participaci\u00f3n del 15 por ciento que hubo en la Consulta Ciudadana, contra el 40 por ciento que requer\u00eda para legitimarla, le dio un panorama que lo hizo pensar en jugar un partido sin \u00e1rbitro y por eso busca la aprobaci\u00f3n de la Reforma Electoral.<br><br>\u00abLo que el presidente pretende con estas nuevas reformas, es hacer un partido de f\u00fatbol donde \u00e9l juegue sin \u00e1rbitros, con su equipo propio, sin equipo contrario y meter todos los goles que quiera\u00bb.<br><br>Expres\u00f3 que de aprobarse esa ley, el siguiente camino es perpetuarse en el poder e ir a la dictadura como Venezuela o Cuba, cuando  M\u00e9xico ya super\u00f3 esa situaci\u00f3n.<br><br>Reiter\u00f3 no estar de acuerdo con la reforma y si hay cosas que corregir, costos de campa\u00f1a que regular o del recurso de los partidos pol\u00edticos, los perredistas est\u00e1n dispuestos a hacerlo, pero no a costa de acabar con un \u00f3rgano que ha funcionado y que sirve a los mexicanos.<br><br>\u00abSe sacrificaron las vidas de mujeres y hombres en la lucha por alcanzar la democracia que hoy vivimos en M\u00e9xico, y no vamos a permitir que esta ley avance\u00bb.<br><br>Por \u00faltimo, refrend\u00f3 su total respaldo a los legisladores de la coalici\u00f3n \u00abVa por M\u00e9xico\u00bb, quienes est\u00e1n trabajando fuertemente en el Congreso de la Uni\u00f3n, para evitar que avance la iniciativa.<br><br><br><br><br><br><br><br><br><br><br><br><br><br><br><br><br><br><br><br><br><br><br><br><br><br><br><br><br><br><br><br><br><br><br><br><br><\/p>\n","protected":false},"excerpt":{"rendered":"<p>AUSENCIO RIVERA\/VOCESVER.COM\/NOTICIAS Orizaba, Ver., a 30 de abril de 2022.- El Presidente de la Direcci\u00f3n Ejecutiva Estatal del PRD en<\/p>\n","protected":false},"author":2,"featured_media":34872,"comment_status":"open","ping_status":"open","sticky":false,"template":"","format":"standard","meta":{"colormag_page_container_layout":"default_layout","colormag_page_sidebar_layout":"default_layout","footnotes":""},"categories":[2],"tags":[],"class_list":["post-34866","post","type-post","status-publish","format-standard","has-post-thumbnail","hentry","category-infogral"],"_links":{"self":[{"href":"http:\/\/vocesver.com\/noticias\/wp-json\/wp\/v2\/posts\/34866","targetHints":{"allow":["GET"]}}],"collection":[{"href":"http:\/\/vocesver.com\/noticias\/wp-json\/wp\/v2\/posts"}],"about":[{"href":"http:\/\/vocesver.com\/noticias\/wp-json\/wp\/v2\/types\/post"}],"author":[{"embeddable":true,"href":"http:\/\/vocesver.com\/noticias\/wp-json\/wp\/v2\/users\/2"}],"replies":[{"embeddable":true,"href":"http:\/\/vocesver.com\/noticias\/wp-json\/wp\/v2\/comments?post=34866"}],"version-history":[{"count":2,"href":"http:\/\/vocesver.com\/noticias\/wp-json\/wp\/v2\/posts\/34866\/revisions"}],"predecessor-version":[{"id":34871,"href":"http:\/\/vocesver.com\/noticias\/wp-json\/wp\/v2\/posts\/34866\/revisions\/34871"}],"wp:featuredmedia":[{"embeddable":true,"href":"http:\/\/vocesver.com\/noticias\/wp-json\/wp\/v2\/media\/34872"}],"wp:attachment":[{"href":"http:\/\/vocesver.com\/noticias\/wp-json\/wp\/v2\/media?parent=34866"}],"wp:term":[{"taxonomy":"category","embeddable":true,"href":"http:\/\/vocesver.com\/noticias\/wp-json\/wp\/v2\/categories?post=34866"},{"taxonomy":"post_tag","embeddable":true,"href":"http:\/\/vocesver.com\/noticias\/wp-json\/wp\/v2\/tags?post=34866"}],"curies":[{"name":"wp","href":"https:\/\/api.w.org\/{rel}","templated":true}]}}