{"id":34861,"date":"2022-04-30T14:35:58","date_gmt":"2022-04-30T14:35:58","guid":{"rendered":"http:\/\/vocesver.com\/noticias\/?p=34861"},"modified":"2022-04-30T14:38:05","modified_gmt":"2022-04-30T14:38:05","slug":"con-concentracion-masiva-en-la-macroplaza-del-malecon-obreros-conmemoran-manana-el-dia-del-trabajo","status":"publish","type":"post","link":"http:\/\/vocesver.com\/noticias\/con-concentracion-masiva-en-la-macroplaza-del-malecon-obreros-conmemoran-manana-el-dia-del-trabajo\/","title":{"rendered":"CON CONCENTRACI\u00d3N MASIVA EN LA MACROPLAZA DEL MALEC\u00d3N, OBREROS CONMEMORAN MA\u00d1ANA EL D\u00cdA DEL TRABAJO."},"content":{"rendered":"\n<p>\u00b0A diferencia de otros a\u00f1os no habr\u00e1 desfile obrero.<br>REDACCI\u00d3N\/VOCESVER.COM\/NOTICIAS<br>Veracruz,Ver.- La macroplaza del Malec\u00f3n de Veracruz se encuentra lista para recibir a los cientos  de trabajadores de las diversas organizaciones obreras  que se concentrar\u00e1n este domingo en este lugar para conmemorar un aniversario m\u00e1s de D\u00eda del Trabajo. Cabe resaltar que a diferencia de oros a\u00f1os, en este d\u00eda no habr\u00e1 desfile obrero en el puerto de Veracruz. Foto Ausencio RIVERA.<br><br><br><br><br><br><br><br><br><br><br><br><br><br><br><br><br><br><br><br><br><br><br><br><br><br><br><br><\/p>\n","protected":false},"excerpt":{"rendered":"<p>\u00b0A diferencia de otros a\u00f1os no habr\u00e1 desfile obrero.REDACCI\u00d3N\/VOCESVER.COM\/NOTICIASVeracruz,Ver.- La macroplaza del Malec\u00f3n de Veracruz se encuentra lista para recibir<\/p>\n","protected":false},"author":2,"featured_media":34868,"comment_status":"open","ping_status":"open","sticky":false,"template":"","format":"standard","meta":{"colormag_page_container_layout":"default_layout","colormag_page_sidebar_layout":"default_layout","footnotes":""},"categories":[2],"tags":[],"class_list":["post-34861","post","type-post","status-publish","format-standard","has-post-thumbnail","hentry","category-infogral"],"_links":{"self":[{"href":"http:\/\/vocesver.com\/noticias\/wp-json\/wp\/v2\/posts\/34861","targetHints":{"allow":["GET"]}}],"collection":[{"href":"http:\/\/vocesver.com\/noticias\/wp-json\/wp\/v2\/posts"}],"about":[{"href":"http:\/\/vocesver.com\/noticias\/wp-json\/wp\/v2\/types\/post"}],"author":[{"embeddable":true,"href":"http:\/\/vocesver.com\/noticias\/wp-json\/wp\/v2\/users\/2"}],"replies":[{"embeddable":true,"href":"http:\/\/vocesver.com\/noticias\/wp-json\/wp\/v2\/comments?post=34861"}],"version-history":[{"count":2,"href":"http:\/\/vocesver.com\/noticias\/wp-json\/wp\/v2\/posts\/34861\/revisions"}],"predecessor-version":[{"id":34867,"href":"http:\/\/vocesver.com\/noticias\/wp-json\/wp\/v2\/posts\/34861\/revisions\/34867"}],"wp:featuredmedia":[{"embeddable":true,"href":"http:\/\/vocesver.com\/noticias\/wp-json\/wp\/v2\/media\/34868"}],"wp:attachment":[{"href":"http:\/\/vocesver.com\/noticias\/wp-json\/wp\/v2\/media?parent=34861"}],"wp:term":[{"taxonomy":"category","embeddable":true,"href":"http:\/\/vocesver.com\/noticias\/wp-json\/wp\/v2\/categories?post=34861"},{"taxonomy":"post_tag","embeddable":true,"href":"http:\/\/vocesver.com\/noticias\/wp-json\/wp\/v2\/tags?post=34861"}],"curies":[{"name":"wp","href":"https:\/\/api.w.org\/{rel}","templated":true}]}}