{"id":34857,"date":"2022-04-30T14:17:55","date_gmt":"2022-04-30T14:17:55","guid":{"rendered":"http:\/\/vocesver.com\/noticias\/?p=34857"},"modified":"2022-04-30T14:21:56","modified_gmt":"2022-04-30T14:21:56","slug":"china-endurece-medidas-en-pekin-ante-peor-brote-de-covid-pediran-prueba-para-entrar-a-lugares-publicos","status":"publish","type":"post","link":"http:\/\/vocesver.com\/noticias\/china-endurece-medidas-en-pekin-ante-peor-brote-de-covid-pediran-prueba-para-entrar-a-lugares-publicos\/","title":{"rendered":"China endurece medidas en Pek\u00edn ante peor brote de COVID; pedir\u00e1n prueba para entrar a lugares p\u00fablicos"},"content":{"rendered":"\n<p>Esta decisi\u00f3n fue comunicada en el primer d\u00eda de un fin de semana largo por el D\u00eda del Trabajador en China. Foto: AFP<br><br>REDACCI\u00d3N\/VOCESVER.COM\/NOTICIAS<br><br><br>INTERNACIONAL.- A 30 DE ABRIL 2022&#8230;..INF.DE AGENCIAS\/PEKIN\/CHINA\/AFP&#8230;.En China, Pek\u00edn reforzar\u00e1 las medidas para luchar contra el COVID-19, haciendo que sea obligatorio someterse a una prueba para acceder a numerosos lugares p\u00fablicos, anunciaron las autoridades de la capital china. <br><br><br>Esta decisi\u00f3n fue comunicada en el primer d\u00eda de un fin de semana largo por el D\u00eda del Trabajador, una ocasi\u00f3n que los chinos aprovechan para viajar, pero que este a\u00f1o fue frustrado. Muchos debieron permanecer en sus lugares de residencia debido al peor brote registrado desde que se detect\u00f3 el virus en China a fines de 2019. <br><br>Medidas contra COVID desaceleran econom\u00eda en China<br>Frente a la variante \u00d3micron, que es altamente contagiosa, las autoridades chinas reforzaron su pol\u00edtica \u201ccero COVID\u201d, que consiste en pruebas masivas y en imponer confinamientos en cuanto se detectan los primeros casos. <br><br><br>Estas duras medidas han generado una desaceleraci\u00f3n de la econom\u00eda del pa\u00eds y una frustraci\u00f3n creciente entre la poblaci\u00f3n. <br>Pek\u00edn anunci\u00f3 que tras los cinco d\u00edas festivos, el acceso al espacio p\u00fablico ser\u00e1 limitado y que a partir del 5 de mayo ser\u00e1 obligatorio presentar una prueba de COVID realizada en la \u00faltima semana para entrar \u201cen numerosos lugares p\u00fablicos y para utilizar los transportes p\u00fablicos\u201c, seg\u00fan un anuncio en la cuenta de WeChat de la capital china.<br><br><br>Puedes leer: Suben muertes por COVID en China: est\u00e1n casi bajo confinamiento total<br>Para actividades como los eventos deportivos o los viajes en grupos ser\u00e1 necesario presentar una prueba de COVID de menos de 48 horas, adem\u00e1s de un certificado de vacunaci\u00f3n completa. <br><br><br>China registr\u00f3 el s\u00e1bado 10 mil 700 nuevos casos de COVID, la mayor\u00eda en la capital econ\u00f3mica, Shangh\u00e1i. <br>Esta metr\u00f3polis, ubicada en el este del pa\u00eds, est\u00e1 confinada desde hace casi un mes y es el mayor brote activo en el pa\u00eds con cerca 10 mil 100 casos, aunque esta cifra est\u00e1 en baja y representa cerca de la mitad de la incidencia que hab\u00eda a principios de abril. <br><br>En Pek\u00edn, los casos subieron a 54, seg\u00fan la Comisi\u00f3n Nacional de Salud. <br><br><br><br><br><br>INF. DE AGENCIAS\/PEKIN\/CHINA\/AFP&#8230;..<br><br><br><br><br><br><br><br><br><br><br><br><br><br><br><br><br><br><br><br><br><br><br><br><br><br><br><br><\/p>\n","protected":false},"excerpt":{"rendered":"<p>Esta decisi\u00f3n fue comunicada en el primer d\u00eda de un fin de semana largo por el D\u00eda del Trabajador en<\/p>\n","protected":false},"author":2,"featured_media":34864,"comment_status":"open","ping_status":"open","sticky":false,"template":"","format":"standard","meta":{"colormag_page_container_layout":"default_layout","colormag_page_sidebar_layout":"default_layout","footnotes":""},"categories":[6],"tags":[],"class_list":["post-34857","post","type-post","status-publish","format-standard","has-post-thumbnail","hentry","category-internacional"],"_links":{"self":[{"href":"http:\/\/vocesver.com\/noticias\/wp-json\/wp\/v2\/posts\/34857","targetHints":{"allow":["GET"]}}],"collection":[{"href":"http:\/\/vocesver.com\/noticias\/wp-json\/wp\/v2\/posts"}],"about":[{"href":"http:\/\/vocesver.com\/noticias\/wp-json\/wp\/v2\/types\/post"}],"author":[{"embeddable":true,"href":"http:\/\/vocesver.com\/noticias\/wp-json\/wp\/v2\/users\/2"}],"replies":[{"embeddable":true,"href":"http:\/\/vocesver.com\/noticias\/wp-json\/wp\/v2\/comments?post=34857"}],"version-history":[{"count":3,"href":"http:\/\/vocesver.com\/noticias\/wp-json\/wp\/v2\/posts\/34857\/revisions"}],"predecessor-version":[{"id":34863,"href":"http:\/\/vocesver.com\/noticias\/wp-json\/wp\/v2\/posts\/34857\/revisions\/34863"}],"wp:featuredmedia":[{"embeddable":true,"href":"http:\/\/vocesver.com\/noticias\/wp-json\/wp\/v2\/media\/34864"}],"wp:attachment":[{"href":"http:\/\/vocesver.com\/noticias\/wp-json\/wp\/v2\/media?parent=34857"}],"wp:term":[{"taxonomy":"category","embeddable":true,"href":"http:\/\/vocesver.com\/noticias\/wp-json\/wp\/v2\/categories?post=34857"},{"taxonomy":"post_tag","embeddable":true,"href":"http:\/\/vocesver.com\/noticias\/wp-json\/wp\/v2\/tags?post=34857"}],"curies":[{"name":"wp","href":"https:\/\/api.w.org\/{rel}","templated":true}]}}