{"id":34844,"date":"2022-04-29T23:39:13","date_gmt":"2022-04-29T23:39:13","guid":{"rendered":"http:\/\/vocesver.com\/noticias\/?p=34844"},"modified":"2022-04-30T13:57:03","modified_gmt":"2022-04-30T13:57:03","slug":"mariscal-se-reune-con-otros-dirigente-morenistas","status":"publish","type":"post","link":"http:\/\/vocesver.com\/noticias\/mariscal-se-reune-con-otros-dirigente-morenistas\/","title":{"rendered":"MARISCAL SE REUNE CON OTROS DIRIGENTES MORENISTAS."},"content":{"rendered":"\n<p>REDACCI\u00d3N\/VOCESVER.COM\/NOTICIAS<br><br>Veracruz,Ver.-  A 29 de Abril 2022.- El presidente de la Unidad de Barrios y Colonias del Puerto de Veracruz   Miguel Angell Mariscal Mart\u00ednez se reuni\u00f3 este viernes en c\u00e9ntrico caf\u00e9 del puerto jarocho con otros dirigentes, esto con miras a fortalecer al Partido Morena del municipio de Veracruz. Foto Ausencio RIVERA<br><br><br><br><br><br><br><br><br><br><br><br><br><br><br><br><br><br><br><br><br><br><br><br><br><br><br><br><br><\/p>\n","protected":false},"excerpt":{"rendered":"<p>REDACCI\u00d3N\/VOCESVER.COM\/NOTICIAS Veracruz,Ver.- A 29 de Abril 2022.- El presidente de la Unidad de Barrios y Colonias del Puerto de Veracruz<\/p>\n","protected":false},"author":2,"featured_media":34851,"comment_status":"open","ping_status":"open","sticky":false,"template":"","format":"standard","meta":{"colormag_page_container_layout":"default_layout","colormag_page_sidebar_layout":"default_layout","footnotes":""},"categories":[2],"tags":[],"class_list":["post-34844","post","type-post","status-publish","format-standard","has-post-thumbnail","hentry","category-infogral"],"_links":{"self":[{"href":"http:\/\/vocesver.com\/noticias\/wp-json\/wp\/v2\/posts\/34844","targetHints":{"allow":["GET"]}}],"collection":[{"href":"http:\/\/vocesver.com\/noticias\/wp-json\/wp\/v2\/posts"}],"about":[{"href":"http:\/\/vocesver.com\/noticias\/wp-json\/wp\/v2\/types\/post"}],"author":[{"embeddable":true,"href":"http:\/\/vocesver.com\/noticias\/wp-json\/wp\/v2\/users\/2"}],"replies":[{"embeddable":true,"href":"http:\/\/vocesver.com\/noticias\/wp-json\/wp\/v2\/comments?post=34844"}],"version-history":[{"count":4,"href":"http:\/\/vocesver.com\/noticias\/wp-json\/wp\/v2\/posts\/34844\/revisions"}],"predecessor-version":[{"id":34853,"href":"http:\/\/vocesver.com\/noticias\/wp-json\/wp\/v2\/posts\/34844\/revisions\/34853"}],"wp:featuredmedia":[{"embeddable":true,"href":"http:\/\/vocesver.com\/noticias\/wp-json\/wp\/v2\/media\/34851"}],"wp:attachment":[{"href":"http:\/\/vocesver.com\/noticias\/wp-json\/wp\/v2\/media?parent=34844"}],"wp:term":[{"taxonomy":"category","embeddable":true,"href":"http:\/\/vocesver.com\/noticias\/wp-json\/wp\/v2\/categories?post=34844"},{"taxonomy":"post_tag","embeddable":true,"href":"http:\/\/vocesver.com\/noticias\/wp-json\/wp\/v2\/tags?post=34844"}],"curies":[{"name":"wp","href":"https:\/\/api.w.org\/{rel}","templated":true}]}}