{"id":34779,"date":"2022-04-26T21:07:02","date_gmt":"2022-04-26T21:07:02","guid":{"rendered":"http:\/\/vocesver.com\/noticias\/?p=34779"},"modified":"2022-04-26T21:07:04","modified_gmt":"2022-04-26T21:07:04","slug":"scjn-ordena-anulacion-total-del-decreto-que-creo-el-padron-nacional-de-usuarios-de-telefonia-movil","status":"publish","type":"post","link":"http:\/\/vocesver.com\/noticias\/scjn-ordena-anulacion-total-del-decreto-que-creo-el-padron-nacional-de-usuarios-de-telefonia-movil\/","title":{"rendered":"SCJN ordena anulaci\u00f3n total del decreto que cre\u00f3 el Padr\u00f3n Nacional de Usuarios de Telefon\u00eda M\u00f3vil"},"content":{"rendered":"\n<p><br><br><br>La SCJN orden\u00f3 la anulaci\u00f3n total del decreto que cre\u00f3 el Padr\u00f3n Nacional de Usuarios de Telefon\u00eda M\u00f3vil. Foto: Cuartoscuro.<br><br><br>REDACCI\u00d3N\/VOCESVER.COM\/NOTICIAS<br><br>NACIONAL(NEGOCIOS).. A  26 DE  ABRIL 2022.-DE ACUERDO CON INFORMACI\u00d3N DE RUB\u00c9N ROJAS(\/CDMX\/M\u00c9XICO\/UNOTV&#8230;&#8230;La Suprema Corte de Justicia de la Naci\u00f3n (SCJN) anul\u00f3 la totalidad de las reformas a la Ley Federal de Telecomunicaciones y Radiodifusi\u00f3n, que crearon el Padr\u00f3n Nacional de Usuarios de Telefon\u00eda M\u00f3vil (Panaut).<br><br><br>En una breve sesi\u00f3n para puntualizar los alcances del fallo, los ministros s\u00f3lo dejaron a salvo las facultades que tiene el Instituto Federal de Telecomunicaciones para poder suspender o bloquear equipos m\u00f3viles que se reporten como robados.<br><br>Padr\u00f3n Nacional<br>Dicha facultad, indic\u00f3 la ministra ponente, Norma Pi\u00f1a, se preserva para no generar un vac\u00edo legal ante la desaparici\u00f3n del Panaut<br>\u201cDebe anularse la totalidad del decreto impugnado, en cuanto prev\u00e9 el sistema normativo del Panaut, pero quiero proponer, para que quede m\u00e1s claro, la invalidez que se est\u00e1 planteando, precisar la invalidaci\u00f3n de todos los art\u00edculos que adicion\u00f3 la Ley Federal de Telecomunicaciones y Radiodifusi\u00f3n del decreto impugnado\u201d.<br><br><br>INF. DE RUBEN ROJAS\/CDMX\/M\u00c9XICO\/UNOV&#8230;..<br><br><br><br><br><br><br><br><br><br><br><br><br><br><br><br><br><br><br><br><br><br><br><br><br><br><br><br><br><\/p>\n","protected":false},"excerpt":{"rendered":"<p>La SCJN orden\u00f3 la anulaci\u00f3n total del decreto que cre\u00f3 el Padr\u00f3n Nacional de Usuarios de Telefon\u00eda M\u00f3vil. Foto: Cuartoscuro.<\/p>\n","protected":false},"author":2,"featured_media":34788,"comment_status":"open","ping_status":"open","sticky":false,"template":"","format":"standard","meta":{"colormag_page_container_layout":"default_layout","colormag_page_sidebar_layout":"default_layout","footnotes":""},"categories":[5],"tags":[],"class_list":["post-34779","post","type-post","status-publish","format-standard","has-post-thumbnail","hentry","category-nacional"],"_links":{"self":[{"href":"http:\/\/vocesver.com\/noticias\/wp-json\/wp\/v2\/posts\/34779","targetHints":{"allow":["GET"]}}],"collection":[{"href":"http:\/\/vocesver.com\/noticias\/wp-json\/wp\/v2\/posts"}],"about":[{"href":"http:\/\/vocesver.com\/noticias\/wp-json\/wp\/v2\/types\/post"}],"author":[{"embeddable":true,"href":"http:\/\/vocesver.com\/noticias\/wp-json\/wp\/v2\/users\/2"}],"replies":[{"embeddable":true,"href":"http:\/\/vocesver.com\/noticias\/wp-json\/wp\/v2\/comments?post=34779"}],"version-history":[{"count":2,"href":"http:\/\/vocesver.com\/noticias\/wp-json\/wp\/v2\/posts\/34779\/revisions"}],"predecessor-version":[{"id":34789,"href":"http:\/\/vocesver.com\/noticias\/wp-json\/wp\/v2\/posts\/34779\/revisions\/34789"}],"wp:featuredmedia":[{"embeddable":true,"href":"http:\/\/vocesver.com\/noticias\/wp-json\/wp\/v2\/media\/34788"}],"wp:attachment":[{"href":"http:\/\/vocesver.com\/noticias\/wp-json\/wp\/v2\/media?parent=34779"}],"wp:term":[{"taxonomy":"category","embeddable":true,"href":"http:\/\/vocesver.com\/noticias\/wp-json\/wp\/v2\/categories?post=34779"},{"taxonomy":"post_tag","embeddable":true,"href":"http:\/\/vocesver.com\/noticias\/wp-json\/wp\/v2\/tags?post=34779"}],"curies":[{"name":"wp","href":"https:\/\/api.w.org\/{rel}","templated":true}]}}