{"id":34774,"date":"2022-04-26T20:49:42","date_gmt":"2022-04-26T20:49:42","guid":{"rendered":"http:\/\/vocesver.com\/noticias\/?p=34774"},"modified":"2022-04-26T21:00:11","modified_gmt":"2022-04-26T21:00:11","slug":"que-se-mejore-la-seguridad-de-veracruzpara-que-en-carnaval-este-garantizadamendoza-alducin","status":"publish","type":"post","link":"http:\/\/vocesver.com\/noticias\/que-se-mejore-la-seguridad-de-veracruzpara-que-en-carnaval-este-garantizadamendoza-alducin\/","title":{"rendered":"QUE SE MEJORE LA SEGURIDAD DE VERACRUZ,PARA QUE EN CARNAVAL EST\u00c9 GARANTIZADA:MENDOZA ALDUCIN"},"content":{"rendered":"\n<p><br>\u00b0Actualmente deja mucho que desear, diariamente se reportan robos y asaltos.<br>\u00b0Que se incremente el n\u00famero de elementos y se intensifique la capacitaci\u00f3n.<br>AUSENCIO RIVERA\/VOCESVER.COM\/NOTICIAS<br>Veracruz,Ver.-a 26 de Abril 2022.- Hace falta que las autoridades policiales hagan mejor trabajo en la Ciudad de Veracruz,\u201cporque vemos diariamente en los diversos medios de comunicaci\u00f3n que hay asaltos y robos.<br>Lo anterior lo se\u00f1al\u00f3 Ra\u00fal Mendoza Alducin presidente adjunto de Sertacaver quien pidi\u00f3 que en ese rengl\u00f3n la polic\u00eda municipal y estatal sean m\u00e1s en\u00e9rgicos. <br>\u201cSobre  todo es necesario que pongan mayor vigilancia  \u201cporque insisti\u00f3 todav\u00eda seguimos viendo que hay robos y asaltos\u201d.<br>Esto para que cuando lleguen las fiestas del Carnaval a realizarse del 1 a l 5 de julio  sea m\u00e1s  seguro para la ciudadan\u00eda veracruzana y para los cientos de turistas que nos visiten en esa temporada.<br>Necesitamos que la zona conurbada Veracruz.Boca del R\u00edo sea segura  para que no tengamos ning\u00fan problema de inseguridad que afecte a los veracruzanos y a  los visitantes subrray\u00f3.<br>Adem\u00e1s de que se debe incrementar el n\u00famero de elementos policiacos estos deben ser sometidos a una intensa capacitaci\u00f3n para que den un mejor trato a los visitantes \u201cporque luego en vez de  inspirar confianza inspiran todo lo contrario\u201d. <br>Aunque se escuche feo, pero esa es la verdad enfatiz\u00f3.<br><br><br><br><br><br><br><br><br><br><br><br><br><br><br><br><br><br><br><br><br><br><br><br><br><br><br><br><br><br><br><\/p>\n","protected":false},"excerpt":{"rendered":"<p>\u00b0Actualmente deja mucho que desear, diariamente se reportan robos y asaltos.\u00b0Que se incremente el n\u00famero de elementos y se intensifique<\/p>\n","protected":false},"author":2,"featured_media":34781,"comment_status":"open","ping_status":"open","sticky":false,"template":"","format":"standard","meta":{"colormag_page_container_layout":"default_layout","colormag_page_sidebar_layout":"default_layout","footnotes":""},"categories":[2],"tags":[],"class_list":["post-34774","post","type-post","status-publish","format-standard","has-post-thumbnail","hentry","category-infogral"],"_links":{"self":[{"href":"http:\/\/vocesver.com\/noticias\/wp-json\/wp\/v2\/posts\/34774","targetHints":{"allow":["GET"]}}],"collection":[{"href":"http:\/\/vocesver.com\/noticias\/wp-json\/wp\/v2\/posts"}],"about":[{"href":"http:\/\/vocesver.com\/noticias\/wp-json\/wp\/v2\/types\/post"}],"author":[{"embeddable":true,"href":"http:\/\/vocesver.com\/noticias\/wp-json\/wp\/v2\/users\/2"}],"replies":[{"embeddable":true,"href":"http:\/\/vocesver.com\/noticias\/wp-json\/wp\/v2\/comments?post=34774"}],"version-history":[{"count":4,"href":"http:\/\/vocesver.com\/noticias\/wp-json\/wp\/v2\/posts\/34774\/revisions"}],"predecessor-version":[{"id":34785,"href":"http:\/\/vocesver.com\/noticias\/wp-json\/wp\/v2\/posts\/34774\/revisions\/34785"}],"wp:featuredmedia":[{"embeddable":true,"href":"http:\/\/vocesver.com\/noticias\/wp-json\/wp\/v2\/media\/34781"}],"wp:attachment":[{"href":"http:\/\/vocesver.com\/noticias\/wp-json\/wp\/v2\/media?parent=34774"}],"wp:term":[{"taxonomy":"category","embeddable":true,"href":"http:\/\/vocesver.com\/noticias\/wp-json\/wp\/v2\/categories?post=34774"},{"taxonomy":"post_tag","embeddable":true,"href":"http:\/\/vocesver.com\/noticias\/wp-json\/wp\/v2\/tags?post=34774"}],"curies":[{"name":"wp","href":"https:\/\/api.w.org\/{rel}","templated":true}]}}