{"id":34770,"date":"2022-04-26T20:20:04","date_gmt":"2022-04-26T20:20:04","guid":{"rendered":"http:\/\/vocesver.com\/noticias\/?p=34770"},"modified":"2022-04-26T20:22:50","modified_gmt":"2022-04-26T20:22:50","slug":"anuncian-2da-feria-empresarial-mis-2022","status":"publish","type":"post","link":"http:\/\/vocesver.com\/noticias\/anuncian-2da-feria-empresarial-mis-2022\/","title":{"rendered":"ANUNCIAN 2DA FERIA EMPRESARIAL MIS 2022*"},"content":{"rendered":"\n<p>_*Es Coordinado por Mujeres de Impacto Social._<br><br>_*Se busca reactivar la econom\u00eda de Veracruz y apoyando a micro empresarias._<br><br>_*Se espera la participaci\u00f3n de m\u00e1s de 100 mujeres._<br><br>REDACCI\u00d3N\/VOCESVER.COM7NOTICIAS<br><br>*Veracruz,Ver.-* La Asociaci\u00f3n Civil de Mujeres de Impacto Social (MIS), fundada por Lissette Mart\u00ednez Echeverr\u00eda, contin\u00faa aportando y apoyando a mujeres veracruzanas y m\u00e1s a\u00fan con todas las v\u00edas para una reactivaci\u00f3n econ\u00f3mica que apoye a micro empresarias y a su vez al flujo econ\u00f3mico que tanto necesita la ciudad.<br>Por lo anterior fue anunciada la Segunda Feria Empresarial 2022, a celebrarse el pr\u00f3ximo s\u00e1bado 30 de Abril, donde se espera participen m\u00e1s de cien mujeres emprendedoras.<br>La cita es en el parque principal del Infonavit Los Volcanes, donde ser\u00e1n expuestos stands de joyer\u00eda fina, gastronom\u00eda, ropa, maquillaje, manualidades; adem\u00e1s de presentarse eventos culturales y musicales desde las 12 del d\u00eda, hasta la 8 de la noche, inform\u00f3 la coordinadora de marketing e imagen de Mujeres de Impacto Social (MIS), Naya Garc\u00eda Castro.<br>En este mismo tenor , la encargada de imagen de (MIS), dijo que se trata de expositoras de la zona conurbada Veracruz-Boca del R\u00edo que ocupar\u00e1n esta plataforma para apoyarse y coadyuvar en la econom\u00eda local.<br>Mencion\u00f3 que en este mismo evento estar\u00e1n recibiendo la donaci\u00f3n de juguetes para entregar a ni\u00f1os de escasos recursos en el marco de la celebraci\u00f3n del Ni\u00f1o.<br>\u201cSe les dar\u00e1 un reconocimiento a todo aquellos que vengan a donar un juguete, ya que sabemos que esto es un acto de generosidad, de principios y valores\u201d.<br>Cabe destacar que esta Feria Empresarial es la segunda que se lleva a cabo en la zona conurbada y se espera poder ampliarla el siguiente a\u00f1o, coincidieron las tambi\u00e9n participantes Susana Tapia Coordinadora Estatal, Nayeli Ramos Coordinadora Municipal y Luz Rosette del Corporativo Rossette.<br><br><br><br><br><br><br><br><br><br><br><br><br><br><br><br><br><br><br><br><br><br><br><br><br><br><br><br><br><br><br><br><br><br><br><br><br><br><br><\/p>\n","protected":false},"excerpt":{"rendered":"<p>_*Es Coordinado por Mujeres de Impacto Social._ _*Se busca reactivar la econom\u00eda de Veracruz y apoyando a micro empresarias._ _*Se<\/p>\n","protected":false},"author":2,"featured_media":34777,"comment_status":"open","ping_status":"open","sticky":false,"template":"","format":"standard","meta":{"colormag_page_container_layout":"default_layout","colormag_page_sidebar_layout":"default_layout","footnotes":""},"categories":[2],"tags":[],"class_list":["post-34770","post","type-post","status-publish","format-standard","has-post-thumbnail","hentry","category-infogral"],"_links":{"self":[{"href":"http:\/\/vocesver.com\/noticias\/wp-json\/wp\/v2\/posts\/34770","targetHints":{"allow":["GET"]}}],"collection":[{"href":"http:\/\/vocesver.com\/noticias\/wp-json\/wp\/v2\/posts"}],"about":[{"href":"http:\/\/vocesver.com\/noticias\/wp-json\/wp\/v2\/types\/post"}],"author":[{"embeddable":true,"href":"http:\/\/vocesver.com\/noticias\/wp-json\/wp\/v2\/users\/2"}],"replies":[{"embeddable":true,"href":"http:\/\/vocesver.com\/noticias\/wp-json\/wp\/v2\/comments?post=34770"}],"version-history":[{"count":3,"href":"http:\/\/vocesver.com\/noticias\/wp-json\/wp\/v2\/posts\/34770\/revisions"}],"predecessor-version":[{"id":34776,"href":"http:\/\/vocesver.com\/noticias\/wp-json\/wp\/v2\/posts\/34770\/revisions\/34776"}],"wp:featuredmedia":[{"embeddable":true,"href":"http:\/\/vocesver.com\/noticias\/wp-json\/wp\/v2\/media\/34777"}],"wp:attachment":[{"href":"http:\/\/vocesver.com\/noticias\/wp-json\/wp\/v2\/media?parent=34770"}],"wp:term":[{"taxonomy":"category","embeddable":true,"href":"http:\/\/vocesver.com\/noticias\/wp-json\/wp\/v2\/categories?post=34770"},{"taxonomy":"post_tag","embeddable":true,"href":"http:\/\/vocesver.com\/noticias\/wp-json\/wp\/v2\/tags?post=34770"}],"curies":[{"name":"wp","href":"https:\/\/api.w.org\/{rel}","templated":true}]}}