{"id":34762,"date":"2022-04-25T21:47:13","date_gmt":"2022-04-25T21:47:13","guid":{"rendered":"http:\/\/vocesver.com\/noticias\/?p=34762"},"modified":"2022-04-25T21:47:15","modified_gmt":"2022-04-25T21:47:15","slug":"scjn-declara-inconstitucional-padron-nacional-de-usuarios-de-telefonia-movil","status":"publish","type":"post","link":"http:\/\/vocesver.com\/noticias\/scjn-declara-inconstitucional-padron-nacional-de-usuarios-de-telefonia-movil\/","title":{"rendered":"SCJN declara inconstitucional Padr\u00f3n Nacional de Usuarios de Telefon\u00eda M\u00f3vil"},"content":{"rendered":"\n<p><br><br><br>La SCJN declar\u00f3 inconstitucional el Padr\u00f3n Nacional de Usuarios de Telefon\u00eda M\u00f3vil. Foto: Cuartoscuro.<br><br><br><br>REDACCI\u00d3N\/VOCESVER.COM\/NOTICIAS<br><br><br>NACIONAL(NEGOCIOS\/DE ACUERDO CON INFORMACI\u00d3N DE RUB\u00c9N ROJAS\/M\u00c9XICO\/UNOTV&#8230;&#8230;La Suprema Corte de Justicia de la Naci\u00f3n (SCJN) declar\u00f3 la inconstitucionalidad del Padr\u00f3n Nacional de Usuarios de Telefon\u00eda M\u00f3vil (Panaut), luego de que los ministros coincidieron en que obligar a los usuarios a entregar informaci\u00f3n, como nombre, direcci\u00f3n y datos biom\u00e9tricos, vulnera sus derechos humanos.<br><br><br>Los ministros coincidieron en que la creaci\u00f3n del llamado Panaut no garantiza la inhibici\u00f3n y persecuci\u00f3n de delitos como secuestro y extorsi\u00f3n y, por el contrario, produce un riesgo de mal uso de los datos de los usuarios de telefon\u00eda m\u00f3vil.<br><br>El ministro presidente de la SCJN, Arturo Zald\u00edvar Lelo de Larrea, apunt\u00f3 que las extorsiones telef\u00f3nicas nunca se realizan a trav\u00e9s de los tel\u00e9fonos que tienen el nombre de los delincuentes, lo que hace \u201cabsurda\u201d esta suposici\u00f3n.  <br><br><br>\u201cEl acceso a los datos biom\u00e9tricos de la persona que se encuentre registrada en una l\u00ednea telef\u00f3nica resulta insuficiente para vincularla con la comisi\u00f3n de un delito relacionada con la misma; parece hasta absurdo que una persona que tenga un celular va a generar una extorsi\u00f3n con su propio celular\u201d.<br><br>Ministro presidente, Arturo Zald\u00edvar, sobre la creaci\u00f3n del Padr\u00f3n Nacional de Usuarios de Telefon\u00eda M\u00f3vil.<br>Apunt\u00f3 que la reforma para la creaci\u00f3n del Padr\u00f3n Nacional de Usuarios de Telefon\u00eda M\u00f3vil pretende que las obligaciones del Estado ahora sean responsabilidades de los particulares, cosa que \u201cdefinitivamente\u201d no comparten, \u201cpues violenta el principio de legalidad\u201d.<br><br><br>Nueve ministros de la SCJN se pronunciaron por invalidar la totalidad de la norma y dos ministros por la invalidez parcial. Ser\u00e1 en la sesi\u00f3n de este martes cuando el pleno determine los efectos y resolutivos de invalidar la norma impugnada.<br><br><br><br><br>INF. DE RUBEN ROJAS\/M\u00c9XICO\/UNOTV&#8230;..<br><br><br><br><br><br><br><br><br><br><br><br><br><br><br><br><br><br><br><br><br><br><br><br><br><br><br><br><br><br><\/p>\n","protected":false},"excerpt":{"rendered":"<p>La SCJN declar\u00f3 inconstitucional el Padr\u00f3n Nacional de Usuarios de Telefon\u00eda M\u00f3vil. Foto: Cuartoscuro. REDACCI\u00d3N\/VOCESVER.COM\/NOTICIAS NACIONAL(NEGOCIOS\/DE ACUERDO CON INFORMACI\u00d3N DE<\/p>\n","protected":false},"author":2,"featured_media":34767,"comment_status":"open","ping_status":"open","sticky":false,"template":"","format":"standard","meta":{"colormag_page_container_layout":"default_layout","colormag_page_sidebar_layout":"default_layout","footnotes":""},"categories":[5],"tags":[],"class_list":["post-34762","post","type-post","status-publish","format-standard","has-post-thumbnail","hentry","category-nacional"],"_links":{"self":[{"href":"http:\/\/vocesver.com\/noticias\/wp-json\/wp\/v2\/posts\/34762","targetHints":{"allow":["GET"]}}],"collection":[{"href":"http:\/\/vocesver.com\/noticias\/wp-json\/wp\/v2\/posts"}],"about":[{"href":"http:\/\/vocesver.com\/noticias\/wp-json\/wp\/v2\/types\/post"}],"author":[{"embeddable":true,"href":"http:\/\/vocesver.com\/noticias\/wp-json\/wp\/v2\/users\/2"}],"replies":[{"embeddable":true,"href":"http:\/\/vocesver.com\/noticias\/wp-json\/wp\/v2\/comments?post=34762"}],"version-history":[{"count":2,"href":"http:\/\/vocesver.com\/noticias\/wp-json\/wp\/v2\/posts\/34762\/revisions"}],"predecessor-version":[{"id":34768,"href":"http:\/\/vocesver.com\/noticias\/wp-json\/wp\/v2\/posts\/34762\/revisions\/34768"}],"wp:featuredmedia":[{"embeddable":true,"href":"http:\/\/vocesver.com\/noticias\/wp-json\/wp\/v2\/media\/34767"}],"wp:attachment":[{"href":"http:\/\/vocesver.com\/noticias\/wp-json\/wp\/v2\/media?parent=34762"}],"wp:term":[{"taxonomy":"category","embeddable":true,"href":"http:\/\/vocesver.com\/noticias\/wp-json\/wp\/v2\/categories?post=34762"},{"taxonomy":"post_tag","embeddable":true,"href":"http:\/\/vocesver.com\/noticias\/wp-json\/wp\/v2\/tags?post=34762"}],"curies":[{"name":"wp","href":"https:\/\/api.w.org\/{rel}","templated":true}]}}