{"id":34755,"date":"2022-04-25T21:30:23","date_gmt":"2022-04-25T21:30:23","guid":{"rendered":"http:\/\/vocesver.com\/noticias\/?p=34755"},"modified":"2022-04-25T21:37:28","modified_gmt":"2022-04-25T21:37:28","slug":"municipio-de-soteapansede-de-encuentro-regional-de-agronomos-y-productores-de-maiz","status":"publish","type":"post","link":"http:\/\/vocesver.com\/noticias\/municipio-de-soteapansede-de-encuentro-regional-de-agronomos-y-productores-de-maiz\/","title":{"rendered":"MUNICIPIO DE SOTEAPAN,SEDE DE ENCUENTRO  REGIONAL DE AGR\u00d3NOMOS Y PRODUCTORES DE MA\u00cdZ"},"content":{"rendered":"\n<p><br>\u00b0Ser\u00e1 el pr\u00f3ximo 27 de abril a las 10 horas, se espera la presencia de un gran n\u00famero de  agr\u00f3nomos y productores de ma\u00edz<br>AUSNCIO RIVERA\/VOCESVER.COM\/NOTICIAS<br>Veracruz,Ver.- a 25 de Abril 2022.\u2014El pr\u00f3ximo 27 de Abril  se llevar\u00e1 a cabo el Encuentro Regional de Agr\u00f3nomos y Productores del Ma\u00edz de la Zona Sur del Estado de Veracruz, evento que se efectuar\u00e1 en la instalaciones del Sal\u00f3n de Eventos del Comisariado Ejidal,localidad, Morelos, Soteapan.<br>Al respecto El ing. Francisco Mu\u00f1oz Cerecedo  delegado presidente del CEE de la Federaci\u00f3n Agron\u00f3mica de Veracruz y el ing. Alfredo L\u00f3pez Valdovinos presidente del CEN de la  Confederaci\u00f3n Nacional Agron\u00f3mica explicaron que en el evento habr\u00e1 ponencias de especialistas con vasta experiencia en el cultivo de ma\u00edz, siendo este el de mayor relevancia con una producci\u00f3n que supera las 10,000 hect\u00e1reas en el ciclo PV.<br>Destacar\u00f3n que el objetivo de la federaci\u00f3n agron\u00f3mica del Estado de Veracruz es el del desarrollo profesional,social, econ\u00f3mico y pol\u00edtico de los agr\u00f3nomos, a trav\u00e9s de de las secciones agron\u00f3micas de Acayucan y Cosoleacaque, en coordinaci\u00f3n con el municipio de Soteapan les hacen una cordial invitaci\u00f3n a todos los ingenieros y agr\u00f3nomos de la regi\u00f3n que asistan a este evento que ser\u00e1 e suma importaci\u00f3n para todos ellos..<br>A dicho evento se espera contar con la presencia de productores de los municipios tales como:Acayucan, Jaltipan,Cosoleacaque y Zaragoza. Soteapan.<br>De acuerdo con el programa del d\u00eda 27 de abril a las diez horas se llevar\u00e1 a cabo la ceremonia  una ceremonia  y las palabras de bienvenida correr\u00e1n a cargo del C.Carlos Jim\u00e9nez Ram\u00edrez Director de Fomento  Agropecuario del municipio de Soteapan.<br>A las 10:15 hras.Exposici\u00f3n de motivos de de la reuni\u00f3n:Ing. H\u00e9ctor D\u00edaz Guzm\u00e1n delegado de la Federaci\u00f3n Agron\u00f3mica en el Estado de Veracruz.<br>12:00 hras\u2026..Pl\u00e1tica de An\u00e1lisis del suelo en ma\u00edz:MC. Feranando V\u00e1zquez Sandoval Fertisquisa.<br>\u00a13:OO horas. Pl\u00e1tica cultivos de ma\u00edz con el m\u00e9todo de 80,000  plantas por\/ha;ing, Valent\u00edn Garc\u00eda Cantero. <br>1400 horas:Clausura del Evento. <br><br><br><br><br><br><br><br><br><br><br><br><br><br><br><br><br><br><br><br><br><br><br><br><br><br><br><br><br><br><br><br><br><\/p>\n","protected":false},"excerpt":{"rendered":"<p>\u00b0Ser\u00e1 el pr\u00f3ximo 27 de abril a las 10 horas, se espera la presencia de un gran n\u00famero de agr\u00f3nomos<\/p>\n","protected":false},"author":2,"featured_media":34764,"comment_status":"open","ping_status":"open","sticky":false,"template":"","format":"standard","meta":{"colormag_page_container_layout":"default_layout","colormag_page_sidebar_layout":"default_layout","footnotes":""},"categories":[4],"tags":[],"class_list":["post-34755","post","type-post","status-publish","format-standard","has-post-thumbnail","hentry","category-estatal"],"_links":{"self":[{"href":"http:\/\/vocesver.com\/noticias\/wp-json\/wp\/v2\/posts\/34755","targetHints":{"allow":["GET"]}}],"collection":[{"href":"http:\/\/vocesver.com\/noticias\/wp-json\/wp\/v2\/posts"}],"about":[{"href":"http:\/\/vocesver.com\/noticias\/wp-json\/wp\/v2\/types\/post"}],"author":[{"embeddable":true,"href":"http:\/\/vocesver.com\/noticias\/wp-json\/wp\/v2\/users\/2"}],"replies":[{"embeddable":true,"href":"http:\/\/vocesver.com\/noticias\/wp-json\/wp\/v2\/comments?post=34755"}],"version-history":[{"count":2,"href":"http:\/\/vocesver.com\/noticias\/wp-json\/wp\/v2\/posts\/34755\/revisions"}],"predecessor-version":[{"id":34763,"href":"http:\/\/vocesver.com\/noticias\/wp-json\/wp\/v2\/posts\/34755\/revisions\/34763"}],"wp:featuredmedia":[{"embeddable":true,"href":"http:\/\/vocesver.com\/noticias\/wp-json\/wp\/v2\/media\/34764"}],"wp:attachment":[{"href":"http:\/\/vocesver.com\/noticias\/wp-json\/wp\/v2\/media?parent=34755"}],"wp:term":[{"taxonomy":"category","embeddable":true,"href":"http:\/\/vocesver.com\/noticias\/wp-json\/wp\/v2\/categories?post=34755"},{"taxonomy":"post_tag","embeddable":true,"href":"http:\/\/vocesver.com\/noticias\/wp-json\/wp\/v2\/tags?post=34755"}],"curies":[{"name":"wp","href":"https:\/\/api.w.org\/{rel}","templated":true}]}}