{"id":34748,"date":"2022-04-25T20:52:33","date_gmt":"2022-04-25T20:52:33","guid":{"rendered":"http:\/\/vocesver.com\/noticias\/?p=34748"},"modified":"2022-04-25T20:54:12","modified_gmt":"2022-04-25T20:54:12","slug":"presenta-morena-en-veracruz-cinco-propuestas-de-distritacion-al-ine","status":"publish","type":"post","link":"http:\/\/vocesver.com\/noticias\/presenta-morena-en-veracruz-cinco-propuestas-de-distritacion-al-ine\/","title":{"rendered":"Presenta Morena en Veracruz cinco propuestas de distritaci\u00f3n al INE."},"content":{"rendered":"\n<p><br><br>\u00b7         Afirma dirigente estatal de Morena que escenarios entregados al INE contemplan las caracter\u00edsticas del territorio veracruzano.<br><br>AUSENCIO RIVERA\/VOCESVER.COM\/NOTICIAS<br><br>Xalapa, Ver., 25 de abril  de 2022.- Como alternativas a la nueva distritaci\u00f3n propuesta por el Instituto Nacional Electoral (INE) para el estado de Veracruz, el Movimiento de Regeneraci\u00f3n Nacional (Morena) en la entidad entreg\u00f3 al \u00f3rgano electoral cinco escenarios de distritaci\u00f3n que toman en cuenta la participaci\u00f3n ciudadana y la geograf\u00eda del territorio.   <br><br>As\u00ed lo dio a conocer el Delegado Estatal en funciones de Presidente de Morena, Esteban Ram\u00edrez Zepeta, quien coment\u00f3 que el pasado viernes hicieron llegar al INE las propuestas. Con ello, fueron el \u00fanico partido pol\u00edtico en todo el pa\u00eds que realiz\u00f3 este ejercicio.<br><br>Indic\u00f3 que con los cinco escenarios de distritaci\u00f3n entregados al instituto electoral, buscan hacer valer la participaci\u00f3n de toda la ciudadan\u00eda y tomar en cuenta la geograf\u00eda del estado de Veracruz. \u201cSe mandaron propuestas de acuerdo con los lineamientos del INE. Veremos si el INE toma en cuenta la opini\u00f3n de la ciudadan\u00eda veracruzana\u201d, dijo.<br><br>Record\u00f3 que no comparten la distritaci\u00f3n propuesta por el \u00f3rgano electoral, la cual elimina un distrito federal, al considerar que no es viable por las caracter\u00edsticas del territorio veracruzano. Mencion\u00f3 que, por ejemplo, se dificultar\u00eda la participaci\u00f3n de la ciudadan\u00eda al reunir en un solo distrito municipios de la Sierra de Huayacocotla con municipios de P\u00e1nuco, entre otros casos.<br><br>Asimismo, Esteban Ram\u00edrez se\u00f1al\u00f3 que el sistema empleado por el INE es \u201ca modo\u201d, debido a que no permite a los partidos pol\u00edticos realizar observaciones en los 19 pol\u00edgonos planteados. Es el caso de tres de ellos, Veracruz, Veracruz-Boca del R\u00edo, as\u00ed como Xalapa, que ya vienen precargados en el sistema y no admiten variaciones.<br><br>Reiter\u00f3 que continuar\u00e1n atentos al ejercicio de distritaci\u00f3n, para que no se obstaculice la participaci\u00f3n de las y los veracruzanos, como ha ocurrido en ejercicios democr\u00e1ticos recientes. <br><br><br><br><br><br><br><br><br><br><br><br><br><br><br><br><br><br><br><br><br><br><br><br><br><br><br><br><br><br><br><br><br><br><br><br><br><br><br><br><br><br><\/p>\n","protected":false},"excerpt":{"rendered":"<p>\u00b7 Afirma dirigente estatal de Morena que escenarios entregados al INE contemplan las caracter\u00edsticas del territorio veracruzano. AUSENCIO RIVERA\/VOCESVER.COM\/NOTICIAS Xalapa,<\/p>\n","protected":false},"author":2,"featured_media":34757,"comment_status":"open","ping_status":"open","sticky":false,"template":"","format":"standard","meta":{"colormag_page_container_layout":"default_layout","colormag_page_sidebar_layout":"default_layout","footnotes":""},"categories":[2],"tags":[],"class_list":["post-34748","post","type-post","status-publish","format-standard","has-post-thumbnail","hentry","category-infogral"],"_links":{"self":[{"href":"http:\/\/vocesver.com\/noticias\/wp-json\/wp\/v2\/posts\/34748","targetHints":{"allow":["GET"]}}],"collection":[{"href":"http:\/\/vocesver.com\/noticias\/wp-json\/wp\/v2\/posts"}],"about":[{"href":"http:\/\/vocesver.com\/noticias\/wp-json\/wp\/v2\/types\/post"}],"author":[{"embeddable":true,"href":"http:\/\/vocesver.com\/noticias\/wp-json\/wp\/v2\/users\/2"}],"replies":[{"embeddable":true,"href":"http:\/\/vocesver.com\/noticias\/wp-json\/wp\/v2\/comments?post=34748"}],"version-history":[{"count":2,"href":"http:\/\/vocesver.com\/noticias\/wp-json\/wp\/v2\/posts\/34748\/revisions"}],"predecessor-version":[{"id":34756,"href":"http:\/\/vocesver.com\/noticias\/wp-json\/wp\/v2\/posts\/34748\/revisions\/34756"}],"wp:featuredmedia":[{"embeddable":true,"href":"http:\/\/vocesver.com\/noticias\/wp-json\/wp\/v2\/media\/34757"}],"wp:attachment":[{"href":"http:\/\/vocesver.com\/noticias\/wp-json\/wp\/v2\/media?parent=34748"}],"wp:term":[{"taxonomy":"category","embeddable":true,"href":"http:\/\/vocesver.com\/noticias\/wp-json\/wp\/v2\/categories?post=34748"},{"taxonomy":"post_tag","embeddable":true,"href":"http:\/\/vocesver.com\/noticias\/wp-json\/wp\/v2\/tags?post=34748"}],"curies":[{"name":"wp","href":"https:\/\/api.w.org\/{rel}","templated":true}]}}