{"id":34736,"date":"2022-04-23T20:54:33","date_gmt":"2022-04-23T20:54:33","guid":{"rendered":"http:\/\/vocesver.com\/noticias\/?p=34736"},"modified":"2022-04-23T20:56:01","modified_gmt":"2022-04-23T20:56:01","slug":"barda-que-protege-a-el-sardinero-luce-completamente-abandonada","status":"publish","type":"post","link":"http:\/\/vocesver.com\/noticias\/barda-que-protege-a-el-sardinero-luce-completamente-abandonada\/","title":{"rendered":"BARDA QUE PROTEGE A \u201cEL SARDINERO\u201d LUCE COMPLETAMENTE ABANDONADA."},"content":{"rendered":"\n<p><br>REDACCI\u00d3N\/VOCESVER.COM\/NOTICIAS<br><br>Veracruz,Ver.- a 23 de Abril 2022.- Algo pasa con la barda que protege a la Planta de Almacenamiento de Combustible mejor conocida como El Sardinero de la Ciudad de Veracruz, se muy deteriorada y en el m\u00e1s completo abandono. Los alambres de seguridad que proteg\u00edan con electricidad dicha barda est\u00e1n completamente oxidados y rotos. Fotor Ausencio RIVERA.<br><br><br><br><br><br><br><br><br><br><br><br><br><br><br><br><br><br><br><br><br><br><br><br><br><br><br><br><br><br><br><br><br><\/p>\n","protected":false},"excerpt":{"rendered":"<p>REDACCI\u00d3N\/VOCESVER.COM\/NOTICIAS Veracruz,Ver.- a 23 de Abril 2022.- Algo pasa con la barda que protege a la Planta de Almacenamiento de<\/p>\n","protected":false},"author":2,"featured_media":34742,"comment_status":"open","ping_status":"open","sticky":false,"template":"","format":"standard","meta":{"colormag_page_container_layout":"default_layout","colormag_page_sidebar_layout":"default_layout","footnotes":""},"categories":[2],"tags":[],"class_list":["post-34736","post","type-post","status-publish","format-standard","has-post-thumbnail","hentry","category-infogral"],"_links":{"self":[{"href":"http:\/\/vocesver.com\/noticias\/wp-json\/wp\/v2\/posts\/34736","targetHints":{"allow":["GET"]}}],"collection":[{"href":"http:\/\/vocesver.com\/noticias\/wp-json\/wp\/v2\/posts"}],"about":[{"href":"http:\/\/vocesver.com\/noticias\/wp-json\/wp\/v2\/types\/post"}],"author":[{"embeddable":true,"href":"http:\/\/vocesver.com\/noticias\/wp-json\/wp\/v2\/users\/2"}],"replies":[{"embeddable":true,"href":"http:\/\/vocesver.com\/noticias\/wp-json\/wp\/v2\/comments?post=34736"}],"version-history":[{"count":2,"href":"http:\/\/vocesver.com\/noticias\/wp-json\/wp\/v2\/posts\/34736\/revisions"}],"predecessor-version":[{"id":34741,"href":"http:\/\/vocesver.com\/noticias\/wp-json\/wp\/v2\/posts\/34736\/revisions\/34741"}],"wp:featuredmedia":[{"embeddable":true,"href":"http:\/\/vocesver.com\/noticias\/wp-json\/wp\/v2\/media\/34742"}],"wp:attachment":[{"href":"http:\/\/vocesver.com\/noticias\/wp-json\/wp\/v2\/media?parent=34736"}],"wp:term":[{"taxonomy":"category","embeddable":true,"href":"http:\/\/vocesver.com\/noticias\/wp-json\/wp\/v2\/categories?post=34736"},{"taxonomy":"post_tag","embeddable":true,"href":"http:\/\/vocesver.com\/noticias\/wp-json\/wp\/v2\/tags?post=34736"}],"curies":[{"name":"wp","href":"https:\/\/api.w.org\/{rel}","templated":true}]}}