{"id":34732,"date":"2022-04-23T20:39:21","date_gmt":"2022-04-23T20:39:21","guid":{"rendered":"http:\/\/vocesver.com\/noticias\/?p=34732"},"modified":"2022-04-23T20:43:44","modified_gmt":"2022-04-23T20:43:44","slug":"estigmatizar-a-la-prensa-como-lo-hace-el-presidente-ha-aumentado-el-riesgo-de-las-labores-periodisticas-sergio-cadena","status":"publish","type":"post","link":"http:\/\/vocesver.com\/noticias\/estigmatizar-a-la-prensa-como-lo-hace-el-presidente-ha-aumentado-el-riesgo-de-las-labores-periodisticas-sergio-cadena\/","title":{"rendered":"Estigmatizar a la prensa como lo hace el Presidente ha aumentado el riesgo de las labores period\u00edsticas: Sergio Cadena"},"content":{"rendered":"\n<p><br>-Ninguna sociedad democr\u00e1tica puede serlo, sin no hay prensa libre, independiente y plural<br><br>REDACCI\u00d3N7VOCESVER.COM\/NOTICIAS<br>Xalapa, Ver., a 23 de abril de 2022.- En el Foro Nacional \u201cSer periodista sin morir en el intento\u201d, el presidente de la Direcci\u00f3n Ejecutiva Estatal del Partido de la Revoluci\u00f3n Democr\u00e1tica (PRD) en Veracruz, Sergio Cadena Mart\u00ednez, lament\u00f3 la falta de respuesta por parte de las instituciones del Estado mexicano, ante el incremento de la violencia en contra de la prensa.<br><br>Reconoci\u00f3 que la violencia contra quienes ejercen el derecho de informar y de expresar sus opiniones a trav\u00e9s del periodismo, es un tema de alta preocupaci\u00f3n nacional, ya que hoy en d\u00eda el gremio se enfrenta a una actitud agresiva por parte del Presidente que incita y permite a funcionarios a agredir y amenazar.<br><br>\u201cLa agresiva actitud del Presidente en sus \u2018ma\u00f1aneras\u2019 contra medios de comunicaci\u00f3n y comunicadores, alienta a funcionarios p\u00fablicos, legisladores, gobernadores y distintos liderazgos de MORENA a agredir y amenazar a periodistas, reporteros, fot\u00f3grafos y l\u00edderes de opini\u00f3n. Estigmatizar a la prensa como lo hace el Presidente ha aumentado el riesgo de las labores period\u00edsticas\u201d.<br><br>Resalt\u00f3 que ninguna sociedad democr\u00e1tica puede serlo, sin no hay prensa libre, independiente y plural, como tampoco habr\u00e1 un Estado democr\u00e1tico si no garantiza la atenci\u00f3n plena de los derechos humanos de la sociedad que representa.<br><br>Expuso que en Veracruz, el gobernador Cuitl\u00e1huac Garc\u00eda Jim\u00e9nez, ha agredido verbalmente a las y los comunicadores e incluso los ha criminalizado, siendo esta, la forma de esquivar preguntas inc\u00f3modas.<br><br>En 2021 se denunciaron 93 agresiones y amenazas a periodistas en todo el Estado ante la Comisi\u00f3n Estatal para la Atenci\u00f3n y Protecci\u00f3n para los Periodistas. En los primeros meses del 2022 se reportaron 30 agresiones.<br><br>\u201cLos ataques a la prensa veracruzana se incrementaron sin que haya soluciones institucionales y no debemos perder de vista los compromisos pendientes con 25 comunicadores veracruzanos asesinados en la \u00faltima d\u00e9cada, cuyos casos son ejemplo de la impunidad y la desatenci\u00f3n institucional\u201d.<br><br>Por ello, Cadena Mart\u00ednez reiter\u00f3 que el PRD de Veracruz reconoce el valor y el peso hist\u00f3rico de la iniciativa de reforma a la Constituci\u00f3n que el Grupo Parlamentario del PRD en el Congreso Federal ha presentado, en la que busca crear el Sistema Nacional para la Protecci\u00f3n de Personas Defensoras de los Derechos Humanos y Periodistas.<br><br>\u201cEl periodismo veracruzano recibe el afecto y la solidaridad de nuestro partido comprometido con las causas justas, con el ejercicio pleno de las libertades y con la construcci\u00f3n de un pa\u00eds que debe recuperar el orden y la paz social con la energ\u00eda de toda la sociedad mexicana que ha tropezado con una falsa transformaci\u00f3n de mentiras, pobreza y muerte\u201d. <br><br>El foro se llev\u00f3 a cabo este s\u00e1bado 23 de abril, en el hotel GAMMA, en la ciudad de Xalapa, en donde estuvieron presentes la Vicecoordinadora del GPPRD, Elizabeth P\u00e9rez Valdez; las diputadas federales Gabriela Sodi Miranda, Olga Luz Espinosa Morales, Leslie Estefan\u00eda Rodr\u00edguez Sarabia, Fabiola Rafael Dircio; y los diputados federales Jes\u00fas Alberto Vel\u00e1zquez Flores y Marcelino Casta\u00f1eda Navarrete.<br><br>Por v\u00eda Zoom, tambi\u00e9n participaron el coordinador del GPPRD, Luis Espinosa Ch\u00e1zaro y el el diputado federal Miguel Torres Rosales.<br><br><br><br><br><br><br><br><br><br><br><br><br><br><br><br><br><br><br><br><br><br><br><br><br><br><br><br><br><br><br><br><br><br><\/p>\n","protected":false},"excerpt":{"rendered":"<p>-Ninguna sociedad democr\u00e1tica puede serlo, sin no hay prensa libre, independiente y plural REDACCI\u00d3N7VOCESVER.COM\/NOTICIASXalapa, Ver., a 23 de abril de<\/p>\n","protected":false},"author":2,"featured_media":34738,"comment_status":"open","ping_status":"open","sticky":false,"template":"","format":"standard","meta":{"colormag_page_container_layout":"default_layout","colormag_page_sidebar_layout":"default_layout","footnotes":""},"categories":[4],"tags":[],"class_list":["post-34732","post","type-post","status-publish","format-standard","has-post-thumbnail","hentry","category-estatal"],"_links":{"self":[{"href":"http:\/\/vocesver.com\/noticias\/wp-json\/wp\/v2\/posts\/34732","targetHints":{"allow":["GET"]}}],"collection":[{"href":"http:\/\/vocesver.com\/noticias\/wp-json\/wp\/v2\/posts"}],"about":[{"href":"http:\/\/vocesver.com\/noticias\/wp-json\/wp\/v2\/types\/post"}],"author":[{"embeddable":true,"href":"http:\/\/vocesver.com\/noticias\/wp-json\/wp\/v2\/users\/2"}],"replies":[{"embeddable":true,"href":"http:\/\/vocesver.com\/noticias\/wp-json\/wp\/v2\/comments?post=34732"}],"version-history":[{"count":2,"href":"http:\/\/vocesver.com\/noticias\/wp-json\/wp\/v2\/posts\/34732\/revisions"}],"predecessor-version":[{"id":34737,"href":"http:\/\/vocesver.com\/noticias\/wp-json\/wp\/v2\/posts\/34732\/revisions\/34737"}],"wp:featuredmedia":[{"embeddable":true,"href":"http:\/\/vocesver.com\/noticias\/wp-json\/wp\/v2\/media\/34738"}],"wp:attachment":[{"href":"http:\/\/vocesver.com\/noticias\/wp-json\/wp\/v2\/media?parent=34732"}],"wp:term":[{"taxonomy":"category","embeddable":true,"href":"http:\/\/vocesver.com\/noticias\/wp-json\/wp\/v2\/categories?post=34732"},{"taxonomy":"post_tag","embeddable":true,"href":"http:\/\/vocesver.com\/noticias\/wp-json\/wp\/v2\/tags?post=34732"}],"curies":[{"name":"wp","href":"https:\/\/api.w.org\/{rel}","templated":true}]}}