{"id":34728,"date":"2022-04-23T20:33:20","date_gmt":"2022-04-23T20:33:20","guid":{"rendered":"http:\/\/vocesver.com\/noticias\/?p=34728"},"modified":"2022-04-23T20:36:53","modified_gmt":"2022-04-23T20:36:53","slug":"inaugura-magistrada-presidenta-conferencia-feminicidio-desde-la-perspectiva-juridico-social","status":"publish","type":"post","link":"http:\/\/vocesver.com\/noticias\/inaugura-magistrada-presidenta-conferencia-feminicidio-desde-la-perspectiva-juridico-social\/","title":{"rendered":"Inaugura Magistrada Presidenta conferencia \u201cFeminicidio desde la perspectiva jur\u00eddico-social\u201d"},"content":{"rendered":"\n<p>REDACCI\u00d3N\/VOCESVER.COM\/NOTICIAS<br>                                                                                                                      <br>Xalapa, Ver., a 23 de abril de 2022.- Durante la inauguraci\u00f3n de la conferencia virtual \u201cFeminicidio desde la perspectiva jur\u00eddico-social\u201d, la Magistrada Presidenta del Poder Judicial del Estado de Veracruz, Isabel In\u00e9s Romero Cruz, destac\u00f3 que, en Veracruz, los Jueces y Juezas est\u00e1n dictando sentencias ejemplares en este tipo de delitos.<br><br>Asimismo, sostuvo que no hay una forma diversa de atender este delito, por lo que es deber como operadores jur\u00eddicos de darle celeridad a los procesos, recepcionando correctamente todas las pruebas que sean necesarias con respeto pleno a los derechos humanos de los detenidos y de las v\u00edctimas.<br><br>\u201cCon la prontitud en la atenci\u00f3n, las sentencias ser\u00e1n muestra fiel de la labor de las Juezas y Jueces. Est\u00e1n bien entendidos que deben hacer justicia. Las sentencias que hoy se emiten son ejemplares, con esto damos respaldo y certeza a la sociedad del cumplimiento de la Ley\u201d, agreg\u00f3 la m\u00e1xima representante jur\u00eddica del Estado.<br><br>Tambi\u00e9n, insisti\u00f3 en exhortar a los especialistas jurisdiccionales en dar prioridad a la resoluci\u00f3n de estos procesos, acompa\u00f1ado de un actuar jurisdiccional ejemplar que rompa la cadena de pretenci\u00f3n de los ataques feminicidas.<br><br>Adem\u00e1s, subray\u00f3 que esta conferencia lograr\u00e1 incrementar los conocimientos para comprender, atender, entender y  responder responsablemente a la sociedad que exige respeto pleno a la vida de las mujeres.<br><br>\u201cEn el Poder Judicial que represento, no estamos de brazos cruzados, sentados en un escritorio observando el actuar de los Jueces en este tipo de delito, sino que vigilamos de cerca, las 24 horas, el actuar de los operadores jur\u00eddicos, en este y otros delitos que causan gran dolor a la sociedad\u201d, finaliz\u00f3.<br><br>Esta acci\u00f3n coordinada por la Escuela Judicial del Estado va dirigida a todo el personal y p\u00fablico en general y cont\u00f3 con la destacada ponencia de la Maestra Mar\u00eda Esther Huerta Calder\u00f3n, Agente del Ministerio P\u00fablico de la Federaci\u00f3n en funciones de Fiscal en Jefe de la Delegaci\u00f3n Estatal de la Ciudad de M\u00e9xico de la Fiscal\u00eda General de la Rep\u00fablica.<br><br>Destac\u00f3 la presencia en el presidium, de Martha Violeta C\u00e1rdenas Bringas, Directora de la Escuela Judicial del Estado y el Mtro. Jorge Armando Pacheco Garc\u00eda, representante del Instituto Americano de Estudios Jur\u00eddicos y Sociales A.C, de manera remota.<br><br><br><br><br><br><br><br><br><br><br><br><br><br><br><br><br><br><br><br><br><br><br><br><br><br><br><br><br><br><br><br><br><br><br><br><br><br><br><\/p>\n","protected":false},"excerpt":{"rendered":"<p>REDACCI\u00d3N\/VOCESVER.COM\/NOTICIAS Xalapa, Ver., a 23 de abril de 2022.- Durante la inauguraci\u00f3n de la conferencia virtual \u201cFeminicidio desde la perspectiva<\/p>\n","protected":false},"author":2,"featured_media":34734,"comment_status":"open","ping_status":"open","sticky":false,"template":"","format":"standard","meta":{"colormag_page_container_layout":"default_layout","colormag_page_sidebar_layout":"default_layout","footnotes":""},"categories":[4],"tags":[],"class_list":["post-34728","post","type-post","status-publish","format-standard","has-post-thumbnail","hentry","category-estatal"],"_links":{"self":[{"href":"http:\/\/vocesver.com\/noticias\/wp-json\/wp\/v2\/posts\/34728","targetHints":{"allow":["GET"]}}],"collection":[{"href":"http:\/\/vocesver.com\/noticias\/wp-json\/wp\/v2\/posts"}],"about":[{"href":"http:\/\/vocesver.com\/noticias\/wp-json\/wp\/v2\/types\/post"}],"author":[{"embeddable":true,"href":"http:\/\/vocesver.com\/noticias\/wp-json\/wp\/v2\/users\/2"}],"replies":[{"embeddable":true,"href":"http:\/\/vocesver.com\/noticias\/wp-json\/wp\/v2\/comments?post=34728"}],"version-history":[{"count":2,"href":"http:\/\/vocesver.com\/noticias\/wp-json\/wp\/v2\/posts\/34728\/revisions"}],"predecessor-version":[{"id":34733,"href":"http:\/\/vocesver.com\/noticias\/wp-json\/wp\/v2\/posts\/34728\/revisions\/34733"}],"wp:featuredmedia":[{"embeddable":true,"href":"http:\/\/vocesver.com\/noticias\/wp-json\/wp\/v2\/media\/34734"}],"wp:attachment":[{"href":"http:\/\/vocesver.com\/noticias\/wp-json\/wp\/v2\/media?parent=34728"}],"wp:term":[{"taxonomy":"category","embeddable":true,"href":"http:\/\/vocesver.com\/noticias\/wp-json\/wp\/v2\/categories?post=34728"},{"taxonomy":"post_tag","embeddable":true,"href":"http:\/\/vocesver.com\/noticias\/wp-json\/wp\/v2\/tags?post=34728"}],"curies":[{"name":"wp","href":"https:\/\/api.w.org\/{rel}","templated":true}]}}