{"id":34637,"date":"2022-04-19T20:55:02","date_gmt":"2022-04-19T20:55:02","guid":{"rendered":"http:\/\/vocesver.com\/noticias\/?p=34637"},"modified":"2022-04-19T20:57:23","modified_gmt":"2022-04-19T20:57:23","slug":"aprueba-morena-que-litio-sea-propiedad-de-la-nacion-hernandez-espejo","status":"publish","type":"post","link":"http:\/\/vocesver.com\/noticias\/aprueba-morena-que-litio-sea-propiedad-de-la-nacion-hernandez-espejo\/","title":{"rendered":"Aprueba Morena que litio sea propiedad de la Naci\u00f3n: Hern\u00e1ndez Espejo"},"content":{"rendered":"\n<p><br>*Fracci\u00f3n legislativa de Morena reforma preceptos de la Ley Minera<br><br>*Ning\u00fan particular podr\u00e1 lucrar con el litio al ser patrimonio de la Naci\u00f3n<br><br>*Se considera el beneficio a la salud, al medio ambiente y a los pueblos originarios<br><br>REDACCI\u00d3N\/VOCESVER.COM\/NOTICIAS<br><br>CDMX. Ser\u00e1 el Estado quien asegure la disponibilidad del litio y dem\u00e1s minerales estrat\u00e9gicos necesarios para la transici\u00f3n energ\u00e9tica del pa\u00eds, as\u00ed como la cadena de suministros ante la especulaci\u00f3n del mercado y los conflictos geopol\u00edticos, inform\u00f3 la diputada federal por Veracruz, Rosa Mar\u00eda Hern\u00e1ndez Espejo.<br><br>Con 275 votos a favor, 24 en contra y 187 abstenciones, la bancada de Morena aprob\u00f3  el Proyecto de Decreto por el que se Reforman y Adicionan diversos preceptos de la Ley Minera, que garantizar\u00e1 la autodeterminaci\u00f3n de la Naci\u00f3n sobre el litio y dem\u00e1s minerales que resulten estrat\u00e9gicos para la transici\u00f3n energ\u00e9tica.<br><br>Hern\u00e1ndez Espejo indici\u00f3 que con este trabajo legislativo en beneficio del pueblo, se reconoce ahora el litio como patrimonio de la Naci\u00f3n y su exploraci\u00f3n, explotaci\u00f3n y aprovechamiento como reserva para beneficio exclusivo del pueblo de M\u00e9xico, al declarar de utilidad p\u00fablica la exploraci\u00f3n, explotaci\u00f3n y aprovechamiento del mismo .<br><br>Precis\u00f3 que jam\u00e1s el patrimonio de los mexicanos estar\u00e1 en manos de privados y extranjeros, al no otorgar concesiones, licencias, contratos, permisos, asignaciones o autorizaciones en materia de litio, determinaci\u00f3n que estar\u00e1 a cargo de un organismo p\u00fablico descentralizado que se haga cargo de todo lo que tenga que ver con el mineral, as\u00ed como de su administraci\u00f3n y control de las cadenas de valor econ\u00f3mico.<br><br>La diputada federal del Distrito 4 por Veracruz, dijo que los beneficios de la reforma son integrales, gracias a su contribuci\u00f3n a la reducci\u00f3n de emisiones de gases de efecto invernadero y fortalecimiento del conjunto de acciones que hacen frente al cambio clim\u00e1tico, as\u00ed como a la protecci\u00f3n de la salud de las mexicanas y mexicanos, el medio ambiente y los derechos de los pueblos originarios.<br><br>La representante de los veracruzanos explic\u00f3 que con informaci\u00f3n de Trading Economics, el valor del litio al 5 de abril de 2022 es de 78 mil 066 d\u00f3lares por tonelada, mientras que al 31 de diciembre de 2020 fue de 7 mil 145 d\u00f3lares; valor que increment\u00f3 11 veces en tan s\u00f3lo 16 meses.<br><br>Revel\u00f3 que la identificaci\u00f3n del mineral en todo el pa\u00eds est\u00e1 en proceso de exploraci\u00f3n, no obstante adelant\u00f3 que en San Luis Potos\u00ed-Zacatecas existe un potencial de explotaci\u00f3n de recursos del orden de los 8 millones de toneladas de litio, mientras que en Sonora se estima que cuenta con una reserva aproximadamente de 243.8 millones de toneladas.<br><br><br><br><br><br><br><br><br><br><br><br><br><br><br><br><br><br><br><br><br><br><br><br><br><br><br><br><br><br><br><br><br><\/p>\n","protected":false},"excerpt":{"rendered":"<p>*Fracci\u00f3n legislativa de Morena reforma preceptos de la Ley Minera *Ning\u00fan particular podr\u00e1 lucrar con el litio al ser patrimonio<\/p>\n","protected":false},"author":2,"featured_media":34646,"comment_status":"open","ping_status":"open","sticky":false,"template":"","format":"standard","meta":{"colormag_page_container_layout":"default_layout","colormag_page_sidebar_layout":"default_layout","footnotes":""},"categories":[5],"tags":[],"class_list":["post-34637","post","type-post","status-publish","format-standard","has-post-thumbnail","hentry","category-nacional"],"_links":{"self":[{"href":"http:\/\/vocesver.com\/noticias\/wp-json\/wp\/v2\/posts\/34637","targetHints":{"allow":["GET"]}}],"collection":[{"href":"http:\/\/vocesver.com\/noticias\/wp-json\/wp\/v2\/posts"}],"about":[{"href":"http:\/\/vocesver.com\/noticias\/wp-json\/wp\/v2\/types\/post"}],"author":[{"embeddable":true,"href":"http:\/\/vocesver.com\/noticias\/wp-json\/wp\/v2\/users\/2"}],"replies":[{"embeddable":true,"href":"http:\/\/vocesver.com\/noticias\/wp-json\/wp\/v2\/comments?post=34637"}],"version-history":[{"count":2,"href":"http:\/\/vocesver.com\/noticias\/wp-json\/wp\/v2\/posts\/34637\/revisions"}],"predecessor-version":[{"id":34645,"href":"http:\/\/vocesver.com\/noticias\/wp-json\/wp\/v2\/posts\/34637\/revisions\/34645"}],"wp:featuredmedia":[{"embeddable":true,"href":"http:\/\/vocesver.com\/noticias\/wp-json\/wp\/v2\/media\/34646"}],"wp:attachment":[{"href":"http:\/\/vocesver.com\/noticias\/wp-json\/wp\/v2\/media?parent=34637"}],"wp:term":[{"taxonomy":"category","embeddable":true,"href":"http:\/\/vocesver.com\/noticias\/wp-json\/wp\/v2\/categories?post=34637"},{"taxonomy":"post_tag","embeddable":true,"href":"http:\/\/vocesver.com\/noticias\/wp-json\/wp\/v2\/tags?post=34637"}],"curies":[{"name":"wp","href":"https:\/\/api.w.org\/{rel}","templated":true}]}}