{"id":34633,"date":"2022-04-19T20:39:56","date_gmt":"2022-04-19T20:39:56","guid":{"rendered":"http:\/\/vocesver.com\/noticias\/?p=34633"},"modified":"2022-04-19T20:49:02","modified_gmt":"2022-04-19T20:49:02","slug":"ensionados-del-imss-reciben-atenciones-tardiasse-quejan","status":"publish","type":"post","link":"http:\/\/vocesver.com\/noticias\/ensionados-del-imss-reciben-atenciones-tardiasse-quejan\/","title":{"rendered":"PENSIONADOS DEL IMSS RECIBEN ATENCIONES TARD\u00cdAS,SE QUEJAN."},"content":{"rendered":"\n<p><br><br><br>\u00b0Piden que se mejore la atenci\u00f3n, aportar\u00f3n cuotas toda su vida laboral, merecen mejores tratos.<br><br>REDACCI\u00d3N\/VOCESVER.COM\/NOTICIAS<br><br>Veracruz,Ver.- a  19 de Abril 2022&#8230;..El imss nace el 1ero  de Enero de 1943. Sus objetivos el garantizar el derecho a la salud,la asistencia m\u00e9dica, la protecci\u00f3n de los medios de subsistencia y los servicios sociales necesarios para el bienestar individual y colectivo.<br>La asistencia m\u00e9dica auxilia en el \u00e1mbito de la salud, donde se requieren conocimientos m\u00e9dicos para aliviar,recuperar o contener una persona en situaciones donde la salud est\u00e1 est\u00e1 riesgo.<br>A pesar de que los trabajadores pensionados del IMSS aportaron ,cubrieron con todos los requisitos y pagos a las coberturas en sus aportaciones laborales. La atenci\u00f3n m\u00e9dica recibida es solo por el m\u00e9dico familiar ya que para que te atienda un m\u00e9dico especialista tienes que cumplir un protocolo de hasta 6 meses o m\u00e1s de 1 a\u00f1o. Tard\u00edo para la salud.<br><br>ENFERMEDADES CR\u00d3NICO DEGENERATIVAS QUE PADECEMOS LOS PENSIONADOS Y SUS DERIVADOS .<br><br>Diabetes Mellitus<br>Hipertensi\u00f3n Arterial<br>Enfermedades de la Prostata<br>Perdida de la vista .<br>Los diabeticos no tienen atenci\u00f3n m\u00e9dica  especialista para prevenir .<br>Los diabeticos necesitamos que los m\u00e9dicos utilicen la angiografia para el  diagn\u00f3stico y seguimiento del edema macular diabetico.<br>Los ex\u00e1menes angiograficos producen im\u00e1genes de los vasos sangu\u00edneos principalmente a lo largo del cuerpo.<br>El imss debe garantizar el derecho a la salud ,la asistencia m\u00e9dica, la protecci\u00f3n de los medios subsistenciales y los servicios sociales necesarios para el bienestar individual y colectivo.<br>La subsistencia del IMSS en sus casi 80 a\u00f1os en la cual se han realizado compras de teatros, centros sociales ,equipos de f\u00fatbol de primera divisi\u00f3n comparado con la escasez de medicinas que agravan m\u00e1s a la salud tanto del hospitalizados como al pensionado carente de salud integral .<br>Los pensionados enfermos tenemos miedo que nos hospitalizen en el IMSS desde antes de la pandemia ya que existe maltrato al adulto mayor ,se carece de la aplicaci\u00f3n de la geriatr\u00eda, enfermedades propias de la vejez.<br>El  imss lleva casi 8 d\u00e9cadas de derroche,  operando con vicios dif\u00edciles de erradicar . Desafortunamente los vicios se vuelven costumbres .<br><br><br>Atte. Ex dirigentes de la Industria Naval<br>Ra\u00fal Vela Portilla<br>Jorge Torres Elvira<br>Othon Vela Portilla<br>Luis Leon Munguia<br>Jose Luis Dominguez Cano.<br><br><br><br>&#8212;<br><br><br><br><br><br><br><br><br><br><br><br><br><br><br><br><br><br><br><br><br><br><br><br><br><br><br><br><br><br><br><\/p>\n","protected":false},"excerpt":{"rendered":"<p>\u00b0Piden que se mejore la atenci\u00f3n, aportar\u00f3n cuotas toda su vida laboral, merecen mejores tratos. REDACCI\u00d3N\/VOCESVER.COM\/NOTICIAS Veracruz,Ver.- a 19 de<\/p>\n","protected":false},"author":2,"featured_media":34639,"comment_status":"open","ping_status":"open","sticky":false,"template":"","format":"standard","meta":{"colormag_page_container_layout":"default_layout","colormag_page_sidebar_layout":"default_layout","footnotes":""},"categories":[2],"tags":[],"class_list":["post-34633","post","type-post","status-publish","format-standard","has-post-thumbnail","hentry","category-infogral"],"_links":{"self":[{"href":"http:\/\/vocesver.com\/noticias\/wp-json\/wp\/v2\/posts\/34633","targetHints":{"allow":["GET"]}}],"collection":[{"href":"http:\/\/vocesver.com\/noticias\/wp-json\/wp\/v2\/posts"}],"about":[{"href":"http:\/\/vocesver.com\/noticias\/wp-json\/wp\/v2\/types\/post"}],"author":[{"embeddable":true,"href":"http:\/\/vocesver.com\/noticias\/wp-json\/wp\/v2\/users\/2"}],"replies":[{"embeddable":true,"href":"http:\/\/vocesver.com\/noticias\/wp-json\/wp\/v2\/comments?post=34633"}],"version-history":[{"count":5,"href":"http:\/\/vocesver.com\/noticias\/wp-json\/wp\/v2\/posts\/34633\/revisions"}],"predecessor-version":[{"id":34642,"href":"http:\/\/vocesver.com\/noticias\/wp-json\/wp\/v2\/posts\/34633\/revisions\/34642"}],"wp:featuredmedia":[{"embeddable":true,"href":"http:\/\/vocesver.com\/noticias\/wp-json\/wp\/v2\/media\/34639"}],"wp:attachment":[{"href":"http:\/\/vocesver.com\/noticias\/wp-json\/wp\/v2\/media?parent=34633"}],"wp:term":[{"taxonomy":"category","embeddable":true,"href":"http:\/\/vocesver.com\/noticias\/wp-json\/wp\/v2\/categories?post=34633"},{"taxonomy":"post_tag","embeddable":true,"href":"http:\/\/vocesver.com\/noticias\/wp-json\/wp\/v2\/tags?post=34633"}],"curies":[{"name":"wp","href":"https:\/\/api.w.org\/{rel}","templated":true}]}}