{"id":34629,"date":"2022-04-18T20:55:27","date_gmt":"2022-04-18T20:55:27","guid":{"rendered":"http:\/\/vocesver.com\/noticias\/?p=34629"},"modified":"2022-04-18T21:08:05","modified_gmt":"2022-04-18T21:08:05","slug":"en-este-mes-reinstalan-11-exobreros-de-tamsa-despedidos-injustificadamentegarcia-garcia","status":"publish","type":"post","link":"http:\/\/vocesver.com\/noticias\/en-este-mes-reinstalan-11-exobreros-de-tamsa-despedidos-injustificadamentegarcia-garcia\/","title":{"rendered":"EN ESTE MES REINSTALAN 11 EXOBREROS DE TAMSA  DESPEDIDOS INJUSTIFICADAMENTE:GARC\u00cdA GARC\u00cdA"},"content":{"rendered":"\n<p><br>\u00b0Ya han sido reinstalados 40 de los m\u00e1s de 400 que tienen ese derecho.<\/p>\n\n\n\n<p><br>AUSENCIO RIVERA\/VOCESVER.COM\/NOTICIAS<br><br>Veracruz,Ver.- a 18 de Abril 202.\u2014Ser\u00e1 el pr\u00f3ximo 26 de Abril cuando otros 11 extrabajadores del Sindicato de Tamsa que fueron despedidos de manera injustificada por la empresa regresen a laborar a dicha empresa.<br>Lo anterior lo confirm\u00f3 Jos\u00e9 Manuel Garc\u00eda Garc\u00eda secretario de conflictos y oficial\u00eda mayor del Sindicato Nacional Unidad y Progreso de Tenaris Tamsa y quien explic\u00f3 que estos trabajadores forman parte de los m\u00e1s de 400 que fueron despedidos de la misma forma.<br>Record\u00f3 que la Junta Federal 45 de Conciliaci\u00f3n Arbitraje ya lleva reinstalados desde el a\u00f1o pasado  40 ex obreros que se encontraban en la misma situaci\u00f3n que estos once.<br>Estos 11 trabajadores ser\u00e1n los primeros que sean reinstalados en este a\u00f1o.<br><br><br><br><br><br><br><br><br><br><br><br><br><br><br><br><br><br><br><br><br><br><br><br><br><br><br><br><br><br><\/p>\n","protected":false},"excerpt":{"rendered":"<p>\u00b0Ya han sido reinstalados 40 de los m\u00e1s de 400 que tienen ese derecho. AUSENCIO RIVERA\/VOCESVER.COM\/NOTICIAS Veracruz,Ver.- a 18 de<\/p>\n","protected":false},"author":2,"featured_media":34635,"comment_status":"open","ping_status":"open","sticky":false,"template":"","format":"standard","meta":{"colormag_page_container_layout":"default_layout","colormag_page_sidebar_layout":"default_layout","footnotes":""},"categories":[2],"tags":[],"class_list":["post-34629","post","type-post","status-publish","format-standard","has-post-thumbnail","hentry","category-infogral"],"_links":{"self":[{"href":"http:\/\/vocesver.com\/noticias\/wp-json\/wp\/v2\/posts\/34629","targetHints":{"allow":["GET"]}}],"collection":[{"href":"http:\/\/vocesver.com\/noticias\/wp-json\/wp\/v2\/posts"}],"about":[{"href":"http:\/\/vocesver.com\/noticias\/wp-json\/wp\/v2\/types\/post"}],"author":[{"embeddable":true,"href":"http:\/\/vocesver.com\/noticias\/wp-json\/wp\/v2\/users\/2"}],"replies":[{"embeddable":true,"href":"http:\/\/vocesver.com\/noticias\/wp-json\/wp\/v2\/comments?post=34629"}],"version-history":[{"count":2,"href":"http:\/\/vocesver.com\/noticias\/wp-json\/wp\/v2\/posts\/34629\/revisions"}],"predecessor-version":[{"id":34634,"href":"http:\/\/vocesver.com\/noticias\/wp-json\/wp\/v2\/posts\/34629\/revisions\/34634"}],"wp:featuredmedia":[{"embeddable":true,"href":"http:\/\/vocesver.com\/noticias\/wp-json\/wp\/v2\/media\/34635"}],"wp:attachment":[{"href":"http:\/\/vocesver.com\/noticias\/wp-json\/wp\/v2\/media?parent=34629"}],"wp:term":[{"taxonomy":"category","embeddable":true,"href":"http:\/\/vocesver.com\/noticias\/wp-json\/wp\/v2\/categories?post=34629"},{"taxonomy":"post_tag","embeddable":true,"href":"http:\/\/vocesver.com\/noticias\/wp-json\/wp\/v2\/tags?post=34629"}],"curies":[{"name":"wp","href":"https:\/\/api.w.org\/{rel}","templated":true}]}}