{"id":34625,"date":"2022-04-18T20:33:17","date_gmt":"2022-04-18T20:33:17","guid":{"rendered":"http:\/\/vocesver.com\/noticias\/?p=34625"},"modified":"2022-04-18T20:34:52","modified_gmt":"2022-04-18T20:34:52","slug":"con-la-iniciativa-de-nacionalizacion-del-litio-la-lucha-por-nuestra-soberania-continua-esteban-ramirez-zepeta","status":"publish","type":"post","link":"http:\/\/vocesver.com\/noticias\/con-la-iniciativa-de-nacionalizacion-del-litio-la-lucha-por-nuestra-soberania-continua-esteban-ramirez-zepeta\/","title":{"rendered":"Con la iniciativa de nacionalizaci\u00f3n del litio, la lucha por nuestra soberan\u00eda contin\u00faa: Esteban Ram\u00edrez Zepeta"},"content":{"rendered":"\n<p><br><br><br><br>\u00a7   El pueblo y la historia juzgar\u00e1n a los traidores a la patria que votaron contra la reforma el\u00e9ctrica, afirma delegado de Morena en Veracruz.<br><br>AUSENCIO RIVERA\/VOCESVER.COM\/NOTICIAS<br><br><br>Xalapa, Ver., 18 de abril de 2021.- Son \u201ctraidores a la patria\u201d los legisladores que votaron en contra de los intereses de las mexicanas y mexicanos al oponerse a la reforma el\u00e9ctrica, pero la lucha por nuestra soberan\u00eda energ\u00e9tica contin\u00faa con la nacionalizaci\u00f3n del litio, asegur\u00f3 el Delegado Estatal en funciones de Presidente del Movimiento de Regeneraci\u00f3n Nacional (Morena), Esteban Ram\u00edrez Zepeta.<br><br>Afirm\u00f3 que a los traidores a la patria se les cay\u00f3 la m\u00e1scara al votar en contra de la reforma el\u00e9ctrica y de los intereses de M\u00e9xico, por lo que el pueblo y la historia los van a juzgar. Mencion\u00f3 que no sorprende que los legisladores de oposici\u00f3n mostraran estar a favor de las empresas extranjeras, pues ya en 2013 se unieron para aprobar la reforma energ\u00e9tica con sobornos, en beneficio de particulares.<br><br>El dirigente estatal de Morena record\u00f3 que como movimiento, en ese entonces as\u00ed como ahora, defendieron la soberan\u00eda energ\u00e9tica de M\u00e9xico, por lo que la lucha sigue con la iniciativa de reforma a la Ley Minera, enviada por el Presidente de la Rep\u00fablica. La propuesta busca modificar los art\u00edculos 1, 5, 9 y 10 de dicha legislaci\u00f3n para nacionalizar el litio y crear un organismo p\u00fablico descentralizado destinado a \u00e9ste.<br><br>Subray\u00f3 que esta medida evitar\u00e1 el saqueo y el fin de lucro de parte de intereses particulares y extranjeros, para asegurar que la exploraci\u00f3n, explotaci\u00f3n y aprovechamiento de este mineral sea en beneficio de las mexicanas y mexicanos. Por lo anterior, explic\u00f3, la reforma tambi\u00e9n incluye garantizar la salud, el medio ambiente sano y los derechos de los pueblos originarios ante el manejo del litio.<br><br><br><br><br><br><br><br><br><br><br><br><br><br><br><br><br><br><br><br><br><br><br><br><br><br><br><br><br><br><br><br><br><br><br><\/p>\n","protected":false},"excerpt":{"rendered":"<p>\u00a7 El pueblo y la historia juzgar\u00e1n a los traidores a la patria que votaron contra la reforma el\u00e9ctrica, afirma<\/p>\n","protected":false},"author":2,"featured_media":34631,"comment_status":"open","ping_status":"open","sticky":false,"template":"","format":"standard","meta":{"colormag_page_container_layout":"default_layout","colormag_page_sidebar_layout":"default_layout","footnotes":""},"categories":[2],"tags":[],"class_list":["post-34625","post","type-post","status-publish","format-standard","has-post-thumbnail","hentry","category-infogral"],"_links":{"self":[{"href":"http:\/\/vocesver.com\/noticias\/wp-json\/wp\/v2\/posts\/34625","targetHints":{"allow":["GET"]}}],"collection":[{"href":"http:\/\/vocesver.com\/noticias\/wp-json\/wp\/v2\/posts"}],"about":[{"href":"http:\/\/vocesver.com\/noticias\/wp-json\/wp\/v2\/types\/post"}],"author":[{"embeddable":true,"href":"http:\/\/vocesver.com\/noticias\/wp-json\/wp\/v2\/users\/2"}],"replies":[{"embeddable":true,"href":"http:\/\/vocesver.com\/noticias\/wp-json\/wp\/v2\/comments?post=34625"}],"version-history":[{"count":2,"href":"http:\/\/vocesver.com\/noticias\/wp-json\/wp\/v2\/posts\/34625\/revisions"}],"predecessor-version":[{"id":34630,"href":"http:\/\/vocesver.com\/noticias\/wp-json\/wp\/v2\/posts\/34625\/revisions\/34630"}],"wp:featuredmedia":[{"embeddable":true,"href":"http:\/\/vocesver.com\/noticias\/wp-json\/wp\/v2\/media\/34631"}],"wp:attachment":[{"href":"http:\/\/vocesver.com\/noticias\/wp-json\/wp\/v2\/media?parent=34625"}],"wp:term":[{"taxonomy":"category","embeddable":true,"href":"http:\/\/vocesver.com\/noticias\/wp-json\/wp\/v2\/categories?post=34625"},{"taxonomy":"post_tag","embeddable":true,"href":"http:\/\/vocesver.com\/noticias\/wp-json\/wp\/v2\/tags?post=34625"}],"curies":[{"name":"wp","href":"https:\/\/api.w.org\/{rel}","templated":true}]}}