{"id":34617,"date":"2022-04-16T21:44:25","date_gmt":"2022-04-16T21:44:25","guid":{"rendered":"http:\/\/vocesver.com\/noticias\/?p=34617"},"modified":"2022-04-16T21:45:56","modified_gmt":"2022-04-16T21:45:56","slug":"pemex-trabaja-para-sofocar-incendio-en-refineria-salina-cruz","status":"publish","type":"post","link":"http:\/\/vocesver.com\/noticias\/pemex-trabaja-para-sofocar-incendio-en-refineria-salina-cruz\/","title":{"rendered":"Pemex trabaja para sofocar incendio en refiner\u00eda Salina Cruz"},"content":{"rendered":"\n<p><br>No se reportan heridos. Foto: @CEPCO_GobOax<br><br><br>REDACCI\u00d3N\/ VOCESVER.COM\/NOTIICIAS<br><br><br>NACIONAL.- A 16 DE ABRIL 2022.-DE ACUERDO CON INFORMACI\u00d3N DE AGENCIAS\/M\u00c9XICO\/REUTERS&#8230;.. Petr\u00f3leos Mexicanos (Pemex) laboraba, este s\u00e1bado, para sofocar el fuego en un tanque de almacenamiento de gasolina de la refiner\u00eda Salina Cruz, Oaxaca; \u00e9ste es el m\u00e1s reciente accidente que afecta a la compa\u00f1\u00eda estatal.<br><br><br>Pemex y el incendio<br>El incendio, que se inici\u00f3 el viernes, hab\u00eda sido parcialmente controlado por los equipos de emergencia, pero los vientos reactivaron el s\u00e1bado las llamas, dijo una fuente de la empresa, que descart\u00f3 afectaciones en otras \u00e1reas de la instalaci\u00f3n, ubicada en el estado Oaxaca.<br><br>Hasta el momento no se reportan lesionados por el siniestro en dicha refiner\u00eda de Pemex<br>Im\u00e1genes de televisi\u00f3n mostraban una densa columna de humo negro emergiendo del interior de la refiner\u00eda.<br><br><br>Protecci\u00f3n Civil de Oaxaca (CEPCO) inform\u00f3 en su cuenta de Twitter que el acceso al complejo se encontraba restringido.<br>\u201cCon el apoyo de la @PolVial_GobOax y @Policia_GobOax se mantiene el acordonamiento de la zona para evitar eventualidades\u201d.<br><br>En otro tuit, la dependencia asegur\u00f3 que se mantienen el monitoreo de la refiner\u00eda en Salina Cruz.<br><br><br>\u201cLa CEPCO mantiene monitoreo de la situaci\u00f3n en la refiner\u00eda Antonio Dovali Jaime de Salina Cruz, donde se reactiv\u00f3 el incendio en la zona del Tanque Vertical 102. Pemex activo su programa interno de seguridad y Protecci\u00f3n Civil, restringiendo la entrada al complejo por protocolo\u201d.<br><br><br><br><br>Salina Cruz, la refiner\u00eda m\u00e1s grande de Pemex, tiene una capacidad para procesar 330 mil barriles por d\u00eda de crudo, de acuerdo con datos de Eikon Refinitiv. En agosto, otro incendio se suscit\u00f3 en sus instalaciones.<br><br><br>El incendio se present\u00f3 el viernes y se hab\u00eda controlado, sin embargo, este s\u00e1bado incremento por los fuertes vientos; en la presente administraci\u00f3n se han presentado algunos accidentes en diversas instalaciones de Pemex.<br><br><br><br><br><br>INF. DE AGENCIAS\/M\u00c9XICO\/REUTERS<br><br><br><br><br><br><br><br><br><br><br><br><br><br><br><br><br><br><br><br><br><br><br><br><br><\/p>\n","protected":false},"excerpt":{"rendered":"<p>No se reportan heridos. Foto: @CEPCO_GobOax REDACCI\u00d3N\/ VOCESVER.COM\/NOTIICIAS NACIONAL.- A 16 DE ABRIL 2022.-DE ACUERDO CON INFORMACI\u00d3N DE AGENCIAS\/M\u00c9XICO\/REUTERS&#8230;.. Petr\u00f3leos<\/p>\n","protected":false},"author":2,"featured_media":34623,"comment_status":"open","ping_status":"open","sticky":false,"template":"","format":"standard","meta":{"colormag_page_container_layout":"default_layout","colormag_page_sidebar_layout":"default_layout","footnotes":""},"categories":[5],"tags":[],"class_list":["post-34617","post","type-post","status-publish","format-standard","has-post-thumbnail","hentry","category-nacional"],"_links":{"self":[{"href":"http:\/\/vocesver.com\/noticias\/wp-json\/wp\/v2\/posts\/34617","targetHints":{"allow":["GET"]}}],"collection":[{"href":"http:\/\/vocesver.com\/noticias\/wp-json\/wp\/v2\/posts"}],"about":[{"href":"http:\/\/vocesver.com\/noticias\/wp-json\/wp\/v2\/types\/post"}],"author":[{"embeddable":true,"href":"http:\/\/vocesver.com\/noticias\/wp-json\/wp\/v2\/users\/2"}],"replies":[{"embeddable":true,"href":"http:\/\/vocesver.com\/noticias\/wp-json\/wp\/v2\/comments?post=34617"}],"version-history":[{"count":2,"href":"http:\/\/vocesver.com\/noticias\/wp-json\/wp\/v2\/posts\/34617\/revisions"}],"predecessor-version":[{"id":34622,"href":"http:\/\/vocesver.com\/noticias\/wp-json\/wp\/v2\/posts\/34617\/revisions\/34622"}],"wp:featuredmedia":[{"embeddable":true,"href":"http:\/\/vocesver.com\/noticias\/wp-json\/wp\/v2\/media\/34623"}],"wp:attachment":[{"href":"http:\/\/vocesver.com\/noticias\/wp-json\/wp\/v2\/media?parent=34617"}],"wp:term":[{"taxonomy":"category","embeddable":true,"href":"http:\/\/vocesver.com\/noticias\/wp-json\/wp\/v2\/categories?post=34617"},{"taxonomy":"post_tag","embeddable":true,"href":"http:\/\/vocesver.com\/noticias\/wp-json\/wp\/v2\/tags?post=34617"}],"curies":[{"name":"wp","href":"https:\/\/api.w.org\/{rel}","templated":true}]}}