{"id":34453,"date":"2022-04-06T21:49:07","date_gmt":"2022-04-06T21:49:07","guid":{"rendered":"http:\/\/vocesver.com\/noticias\/?p=34453"},"modified":"2022-04-06T22:04:23","modified_gmt":"2022-04-06T22:04:23","slug":"instalan-comite-de-seguridad-para-el-carnaval-de-veracruzfranceschi-marin","status":"publish","type":"post","link":"http:\/\/vocesver.com\/noticias\/instalan-comite-de-seguridad-para-el-carnaval-de-veracruzfranceschi-marin\/","title":{"rendered":"INSTALAN COMIT\u00c9 DE SEGURIDAD  PARA EL CARNAVAL DE VERACRUZ:FRANCESCHI MARIN"},"content":{"rendered":"\n<p><br>\u00b0Desde las 9;30 de la ma\u00f1ana qued\u00f3 instalado,lo intengran m\u00e1s de<br> 30 personas de las diferentes instancias de gobierno municipal.<br>\u00b0Habr\u00e1 seis reuniones previas y se trabajara de manera coordinada.<br>AUSENCIO RIVERA\/VOCESVER.COM\/NOTICIAS<br><br>Veracruz,Ver.- a 6 de Abril 2022.- Este mi\u00e9rcoles se instal\u00f3 en el municipio de Veracruz el Comit\u00e9 de Seguridad para la fiestas del Carnaval a realizarse de 1 al 5 de Julio.<br>Lo anterior lo dio a conocer el regidor d\u00e9cimo del Ayuntamiento de Veracruz Jos\u00e9 Patricio Franceschi Mar\u00edn quien inform\u00f3 que este comit\u00e9 qued\u00f3 instalado desde las 9;30 de la ma\u00f1ana.<br>Al se\u00f1alar que fue la primera sesi\u00f3n,el funcionario municipal a\u00f1adi\u00f3 fue una reuni\u00f3n de acercamiento y de presentaci\u00f3n de los miembros de ese comit\u00e9.<br>El regidor de la Comisi\u00f3n de Protecci\u00f3n Civil explic\u00f3 que habr\u00e1 seis reuniones previas al carnaval en donde se tratar\u00e1n todos los puntos de seguridad que se tendr\u00e1n durante esta fiesta. <br>Al se\u00f1alar que este comit\u00e9 est\u00e1 integrado por m\u00e1s de 30 personas de todos los \u00f3rdenes del gobierno municipal, el edil morenista destac\u00f3 que este comit\u00e9 trabajar\u00e1 coordinadamente con todas las autoridades civiles y militares.<br>Puntualiz\u00f3 que este comit\u00e9 tiene como objetivo preservar la seguridad no solo de la gente que nos visita, sino tambi\u00e9n de los que vivimos aqu\u00ed en Veracruz.<br>Ya se est\u00e1n tomando algunas medidas, no solo vamos a resguardar la parte del paseo sino tambi\u00e9n la de zonas aleda\u00f1as para brindarle protecci\u00f3n a los ciudadanos en general.<br>Finalmente e dijo que durante el periodo de Semana Santa se realizar\u00e1n diversos operativos en coordinaci\u00f3n con la Direcci\u00f3n de PC para reguardar la seguridad de los ba\u00f1istas que nos visitan, al tiempo que recomend\u00f3 a los visitantes que si hay mal tiempo que no se metan al Mar,procuren no excederse en bebidas embriagantes y en general que respeten las recomendaciones de las autoridades municipales y del Gobierno del Estado.<br><br><br><br><br><br><br><br><br><br><br><br><br><br><br><br><br><br><br><br><br><br><br><br><br><br><br><br><br><br><br><br><br><\/p>\n","protected":false},"excerpt":{"rendered":"<p>\u00b0Desde las 9;30 de la ma\u00f1ana qued\u00f3 instalado,lo intengran m\u00e1s de 30 personas de las diferentes instancias de gobierno municipal.\u00b0Habr\u00e1<\/p>\n","protected":false},"author":2,"featured_media":34460,"comment_status":"open","ping_status":"open","sticky":false,"template":"","format":"standard","meta":{"colormag_page_container_layout":"default_layout","colormag_page_sidebar_layout":"default_layout","footnotes":""},"categories":[2],"tags":[],"class_list":["post-34453","post","type-post","status-publish","format-standard","has-post-thumbnail","hentry","category-infogral"],"_links":{"self":[{"href":"http:\/\/vocesver.com\/noticias\/wp-json\/wp\/v2\/posts\/34453","targetHints":{"allow":["GET"]}}],"collection":[{"href":"http:\/\/vocesver.com\/noticias\/wp-json\/wp\/v2\/posts"}],"about":[{"href":"http:\/\/vocesver.com\/noticias\/wp-json\/wp\/v2\/types\/post"}],"author":[{"embeddable":true,"href":"http:\/\/vocesver.com\/noticias\/wp-json\/wp\/v2\/users\/2"}],"replies":[{"embeddable":true,"href":"http:\/\/vocesver.com\/noticias\/wp-json\/wp\/v2\/comments?post=34453"}],"version-history":[{"count":3,"href":"http:\/\/vocesver.com\/noticias\/wp-json\/wp\/v2\/posts\/34453\/revisions"}],"predecessor-version":[{"id":34462,"href":"http:\/\/vocesver.com\/noticias\/wp-json\/wp\/v2\/posts\/34453\/revisions\/34462"}],"wp:featuredmedia":[{"embeddable":true,"href":"http:\/\/vocesver.com\/noticias\/wp-json\/wp\/v2\/media\/34460"}],"wp:attachment":[{"href":"http:\/\/vocesver.com\/noticias\/wp-json\/wp\/v2\/media?parent=34453"}],"wp:term":[{"taxonomy":"category","embeddable":true,"href":"http:\/\/vocesver.com\/noticias\/wp-json\/wp\/v2\/categories?post=34453"},{"taxonomy":"post_tag","embeddable":true,"href":"http:\/\/vocesver.com\/noticias\/wp-json\/wp\/v2\/tags?post=34453"}],"curies":[{"name":"wp","href":"https:\/\/api.w.org\/{rel}","templated":true}]}}