{"id":34396,"date":"2022-04-02T23:07:40","date_gmt":"2022-04-02T23:07:40","guid":{"rendered":"http:\/\/vocesver.com\/noticias\/?p=34396"},"modified":"2022-04-02T23:10:38","modified_gmt":"2022-04-02T23:10:38","slug":"colegio-mexicano-de-abogados-entrega-reconocimiento-por-50-anos-de-servicio-al-magistrado-raul-pimentel-murrieta","status":"publish","type":"post","link":"http:\/\/vocesver.com\/noticias\/colegio-mexicano-de-abogados-entrega-reconocimiento-por-50-anos-de-servicio-al-magistrado-raul-pimentel-murrieta\/","title":{"rendered":"Colegio Mexicano de Abogados entrega reconocimiento por 50 a\u00f1os de servicio al magistrado Ra\u00fal Pimentel Murrieta"},"content":{"rendered":"\n<p><br>REDACCI\u00d3N\/VOCESVER.COM\/NOTICIAS<br><br><br>Veracruz, Ver, A 02 de Abril&#8230;.La tarde de este viernes los integrantes de la Barra Mexicana Colegio de Abogados Cap\u00edtulo Veracruz, sostuvieron reuni\u00f3n de trabajo, con motivo de los 100 a\u00f1os de su creaci\u00f3n, teniendo como invitado especial al Magistrado Ra\u00fal Pimentel Murrieta, qui\u00e9n recibi\u00f3 un merecido reconocimiento por su excelente trayectoria en la carrera del derecho.<br><br>En este importante evento se cont\u00f3 con la presencia de connotados invitados, abogados de distintos Colegios y Asociaciones, \u00abla Justicia es lo que se le debe brindar a una sociedad, en un principio de rectitud\u00bb, dijo el experimentado jurista y ex integrante del Poder Judicial de Veracruz, Ra\u00fal Pimentel Murrieta.<br><br>Dijo que los abogados deben buscar esa superaci\u00f3n y ese mecanismo, nuevos derroteros, para que el derecho se transforme en justicia.<br><br>En rueda de prensa, el jurista Pimentel Murrieta, dijo que el delito de ultrajes a la autoridad en Veracruz, no es una figura nueva, esta existe de a\u00f1os atr\u00e1s, m\u00e1s sin embargo ahora se le ha modificado, y esta ha generado una serie de contradicciones por la sociedad y gobierno.<br><br>El hecho es que el congreso local, debe escuchar al Colegio de Abogados, a las Asociaciones, para sacar la normatividad que resulte m\u00e1s ben\u00e9fica para el pueblo.<br><br>En el tema de la revocaci\u00f3n de mandato, Ra\u00fal Pimentel Murrieta, se\u00f1al\u00f3 que la revocaci\u00f3n de mandato es v\u00e1lido, y si un gobierno no cumple, la sociedad debe demandar su salida, pero aqu\u00ed es a la inversa, no fue el pueblo qui\u00e9n lo pidi\u00f3, fue la misma instituci\u00f3n con el af\u00e1n de legitimarse.<br><br>La Constituci\u00f3n es muy clara, el Presidente de la Rep\u00fablica, fue electo en un ejercicio democr\u00e1tico por seis a\u00f1os, y solo ser\u00e1 aplicable cuando la sociedad lo determine.<br><br>En este importante evento, fue presidido por la Maestra Lorena Oyola Hern\u00e1ndez, presidenta de la Barra Mexicana Colegio de Abogados, qui\u00e9n estuvo acompa\u00f1ada del tambi\u00e9n reconocido jurista, Roberto Dorantes, y representantes de Instituciones Educativas.<br><br><br><br><br><br><br><br><br><br><br><br><br><br><br><br><br><br><br><br><br><br><br><br><br><br><br><br><br><br><br><br><br><\/p>\n","protected":false},"excerpt":{"rendered":"<p>REDACCI\u00d3N\/VOCESVER.COM\/NOTICIAS Veracruz, Ver, A 02 de Abril&#8230;.La tarde de este viernes los integrantes de la Barra Mexicana Colegio de Abogados<\/p>\n","protected":false},"author":2,"featured_media":34403,"comment_status":"open","ping_status":"open","sticky":false,"template":"","format":"standard","meta":{"colormag_page_container_layout":"default_layout","colormag_page_sidebar_layout":"default_layout","footnotes":""},"categories":[2],"tags":[],"class_list":["post-34396","post","type-post","status-publish","format-standard","has-post-thumbnail","hentry","category-infogral"],"_links":{"self":[{"href":"http:\/\/vocesver.com\/noticias\/wp-json\/wp\/v2\/posts\/34396","targetHints":{"allow":["GET"]}}],"collection":[{"href":"http:\/\/vocesver.com\/noticias\/wp-json\/wp\/v2\/posts"}],"about":[{"href":"http:\/\/vocesver.com\/noticias\/wp-json\/wp\/v2\/types\/post"}],"author":[{"embeddable":true,"href":"http:\/\/vocesver.com\/noticias\/wp-json\/wp\/v2\/users\/2"}],"replies":[{"embeddable":true,"href":"http:\/\/vocesver.com\/noticias\/wp-json\/wp\/v2\/comments?post=34396"}],"version-history":[{"count":3,"href":"http:\/\/vocesver.com\/noticias\/wp-json\/wp\/v2\/posts\/34396\/revisions"}],"predecessor-version":[{"id":34402,"href":"http:\/\/vocesver.com\/noticias\/wp-json\/wp\/v2\/posts\/34396\/revisions\/34402"}],"wp:featuredmedia":[{"embeddable":true,"href":"http:\/\/vocesver.com\/noticias\/wp-json\/wp\/v2\/media\/34403"}],"wp:attachment":[{"href":"http:\/\/vocesver.com\/noticias\/wp-json\/wp\/v2\/media?parent=34396"}],"wp:term":[{"taxonomy":"category","embeddable":true,"href":"http:\/\/vocesver.com\/noticias\/wp-json\/wp\/v2\/categories?post=34396"},{"taxonomy":"post_tag","embeddable":true,"href":"http:\/\/vocesver.com\/noticias\/wp-json\/wp\/v2\/tags?post=34396"}],"curies":[{"name":"wp","href":"https:\/\/api.w.org\/{rel}","templated":true}]}}