{"id":34390,"date":"2022-04-02T22:59:33","date_gmt":"2022-04-02T22:59:33","guid":{"rendered":"http:\/\/vocesver.com\/noticias\/?p=34390"},"modified":"2022-04-02T23:01:28","modified_gmt":"2022-04-02T23:01:28","slug":"el-capitan-enrique-lozano-en-amena-reunion-con-marinos-mercantes","status":"publish","type":"post","link":"http:\/\/vocesver.com\/noticias\/el-capitan-enrique-lozano-en-amena-reunion-con-marinos-mercantes\/","title":{"rendered":"EL CAPIT\u00c1N ENRIQUE LOZANO EN AMENA REUNI\u00d3N CON MARINOS MERCANTES."},"content":{"rendered":"\n<p><br><br><br><br>REDACCI\u00d3N\/VOCESVER.COM\/NOTICIAS<br><br><br>PIE DE FOTO- A 2 DE Abril  2022.- El capit\u00e1n Enrique Lozano D\u00edaz inspector de ITF Veracruz convivi\u00f3 este s\u00e1bado con marinos mercantes y otros amigos en un caf\u00e9 del Centro de  la Ciudad de Veracruz. Foto Ausencio RIVERA.<br><br><br><br><br><br><br><br><br><br><br><br><br><br><br><br><br><br><br><br><br><br><br><br><br><br><br><br><\/p>\n","protected":false},"excerpt":{"rendered":"<p>REDACCI\u00d3N\/VOCESVER.COM\/NOTICIAS PIE DE FOTO- A 2 DE Abril 2022.- El capit\u00e1n Enrique Lozano D\u00edaz inspector de ITF Veracruz convivi\u00f3 este<\/p>\n","protected":false},"author":2,"featured_media":34398,"comment_status":"open","ping_status":"open","sticky":false,"template":"","format":"standard","meta":{"colormag_page_container_layout":"default_layout","colormag_page_sidebar_layout":"default_layout","footnotes":""},"categories":[2],"tags":[],"class_list":["post-34390","post","type-post","status-publish","format-standard","has-post-thumbnail","hentry","category-infogral"],"_links":{"self":[{"href":"http:\/\/vocesver.com\/noticias\/wp-json\/wp\/v2\/posts\/34390","targetHints":{"allow":["GET"]}}],"collection":[{"href":"http:\/\/vocesver.com\/noticias\/wp-json\/wp\/v2\/posts"}],"about":[{"href":"http:\/\/vocesver.com\/noticias\/wp-json\/wp\/v2\/types\/post"}],"author":[{"embeddable":true,"href":"http:\/\/vocesver.com\/noticias\/wp-json\/wp\/v2\/users\/2"}],"replies":[{"embeddable":true,"href":"http:\/\/vocesver.com\/noticias\/wp-json\/wp\/v2\/comments?post=34390"}],"version-history":[{"count":2,"href":"http:\/\/vocesver.com\/noticias\/wp-json\/wp\/v2\/posts\/34390\/revisions"}],"predecessor-version":[{"id":34397,"href":"http:\/\/vocesver.com\/noticias\/wp-json\/wp\/v2\/posts\/34390\/revisions\/34397"}],"wp:featuredmedia":[{"embeddable":true,"href":"http:\/\/vocesver.com\/noticias\/wp-json\/wp\/v2\/media\/34398"}],"wp:attachment":[{"href":"http:\/\/vocesver.com\/noticias\/wp-json\/wp\/v2\/media?parent=34390"}],"wp:term":[{"taxonomy":"category","embeddable":true,"href":"http:\/\/vocesver.com\/noticias\/wp-json\/wp\/v2\/categories?post=34390"},{"taxonomy":"post_tag","embeddable":true,"href":"http:\/\/vocesver.com\/noticias\/wp-json\/wp\/v2\/tags?post=34390"}],"curies":[{"name":"wp","href":"https:\/\/api.w.org\/{rel}","templated":true}]}}