{"id":34385,"date":"2022-04-02T22:27:29","date_gmt":"2022-04-02T22:27:29","guid":{"rendered":"http:\/\/vocesver.com\/noticias\/?p=34385"},"modified":"2022-04-02T22:39:03","modified_gmt":"2022-04-02T22:39:03","slug":"necesario-y-urgente-regular-los-neuroderechos-a-nivel-mundialfarias-morales","status":"publish","type":"post","link":"http:\/\/vocesver.com\/noticias\/necesario-y-urgente-regular-los-neuroderechos-a-nivel-mundialfarias-morales\/","title":{"rendered":"NECESARIO  Y URGENTE REGULAR LOS NEURODERECHOS A NIVEL MUNDIAL:FARIAS MORALES."},"content":{"rendered":"\n<p>\u00b0No son ciencia Ficci\u00f3n, es un tema de actualidad y de necesidad urgente.<br>\u00b0Esto lo se\u00f1al\u00f3 al concluir la Certificaci\u00f3n Oficial e Internacional en Psicopatolog\u00eda Forense y Sistema de Justicia.<br>\u00b0La certificaci\u00f3n la recibieron abogados de diversos pa\u00edses Latimoam\u00e9ricanos y 14 Juristas de CANP.<br>AUSENCIO RIVERA\/VOCESVER.COM\/NOTICIAS<br>Veracruz,Ver.- a 02 de Abril 2022.-Al concluir este s\u00e1bado la Certificaci\u00f3n Oficial e Internacional en \u201cPsicopatolog\u00eda Forense y Sistema de Justicia\u201d tras varias semanas de intensa capacitaci\u00f3n a colegas de distintos pa\u00edses Latinoam\u00e9ricanos, el Doctor Gilberto Far\u00edas Morales presidente del Colegio Nacional de Abogados Penalistas AC.(CNAP)afirm\u00f3 que el tema de los neuroderechos es un tema de actualidad y de necesidad urgente.<br>Estamos convencidos que estos no son ciencia ficci\u00f3n,necesitamos de su regulaci\u00f3n a nivel mundial y en eso coincidimos todos subray\u00f3.<br>Al reconocer que fue uno de los profesionistas del derecho que recibi\u00f3 esta certificaci\u00f3n de manera sastifactoria, el entrevistado al hacer uso de la voz agradeci\u00f3 al doctor Nikhil Seth, subsecretario general de las Naciones Unidas; a Walter Kirby de Cifal\/ Argentina; a Jairo Moreno, presidente de International Lawyers Consortium; as\u00ed como a la doctora Alejandra Marcano, representante en relaci\u00f3n a Vinculaci\u00f3n internacional de Cifal\/Argentina.<br>Tambi\u00e9n agradeci\u00f3 a sus profesores, a los que describi\u00f3 como ponentes del m\u00e1ximo est\u00e1ndar de excelencia acad\u00e9mica a nivel mundial pues les dio la oportunidad de certificarse a nivel internacional en \u201cPsicopatolog\u00eda forense y sistema de justicia\u201d.<br>\u201cAgradezco a mis colegas abogados de los distintos pa\u00edses latinoamericanos el honor que tuvimos con cada uno para compartir este perfeccionamiento profesional. En nosotros tendr\u00e1n siempre una mano amiga.<br>Felicit\u00f3 a todos sus compa\u00f1eros certificantes de M\u00e9xico,inclu\u00eddos los 14 juristas de este Colegio y agradeci\u00f3 y recononoci\u00f3 la destacada participaci\u00f3n en esta cruzada de los doctores : Tom\u00e1s Mundo Arriasa, representante de enlace internacional; Mario Herrera Carrasco, representante en Canc\u00fan, Quintana Roo; Omar Alem\u00e1n Ortiz, representante en ciudad de M\u00e9xico y Jorge Reyes Peralta de enlace gubernamental. Otros miembros del CNAP que se certificaron fueron: Jorge Reyes Leo, Emmanuel Far\u00edas Camarero, Mario L\u00f3pez de Escalera, Fidel Hern\u00e1ndez Aguirre, Juan de la Cruz P\u00e9rez Morales, Hiram L\u00f3pez Mendoza, Francisco Reynoso Nu\u00f1o, Daniel Espinosa, Liliana Figueroa Luna y Gilberto Far\u00edas Morales.<br>Asimismo  les tom\u00f3 la palabra a los doctores Olga Garc\u00eda y Eric Garc\u00eda L\u00f3pez para que se establezcan constitucionalmente los neuroderechos.<br>\u201cEn M\u00e9xico como Colegio Nacional de Abogados Penalistas estamos trabajando para que se incluyan constitucionalmente los neuroderechos.esto solo ser\u00e1 posible con el apoyo de todos ustedes.<\/p>\n\n\n\n<p>&nbsp;Somos el primer colegio de abogados en abordar de forma espec\u00edfica la regulaci\u00f3n de neurotecnolog\u00edas para proteger en M\u00e9xico a los ciudadanos\u201d, concluy\u00f3 el doctor Gilberto Far\u00edas Morales, presidente del Colegio Nacional de Abogados Penalistas en M\u00e9xico.<\/p>\n\n\n\n<p><br><br><br><br><br><br><br><br><br><br><br><br><br><br><br><br><br><br><br><br><br><br><br><br><br><br><br><br><br><br><br><br><br><br><br><br><br><br><\/p>\n","protected":false},"excerpt":{"rendered":"<p>\u00b0No son ciencia Ficci\u00f3n, es un tema de actualidad y de necesidad urgente.\u00b0Esto lo se\u00f1al\u00f3 al concluir la Certificaci\u00f3n Oficial<\/p>\n","protected":false},"author":2,"featured_media":34392,"comment_status":"open","ping_status":"open","sticky":false,"template":"","format":"standard","meta":{"colormag_page_container_layout":"default_layout","colormag_page_sidebar_layout":"default_layout","footnotes":""},"categories":[2],"tags":[],"class_list":["post-34385","post","type-post","status-publish","format-standard","has-post-thumbnail","hentry","category-infogral"],"_links":{"self":[{"href":"http:\/\/vocesver.com\/noticias\/wp-json\/wp\/v2\/posts\/34385","targetHints":{"allow":["GET"]}}],"collection":[{"href":"http:\/\/vocesver.com\/noticias\/wp-json\/wp\/v2\/posts"}],"about":[{"href":"http:\/\/vocesver.com\/noticias\/wp-json\/wp\/v2\/types\/post"}],"author":[{"embeddable":true,"href":"http:\/\/vocesver.com\/noticias\/wp-json\/wp\/v2\/users\/2"}],"replies":[{"embeddable":true,"href":"http:\/\/vocesver.com\/noticias\/wp-json\/wp\/v2\/comments?post=34385"}],"version-history":[{"count":3,"href":"http:\/\/vocesver.com\/noticias\/wp-json\/wp\/v2\/posts\/34385\/revisions"}],"predecessor-version":[{"id":34394,"href":"http:\/\/vocesver.com\/noticias\/wp-json\/wp\/v2\/posts\/34385\/revisions\/34394"}],"wp:featuredmedia":[{"embeddable":true,"href":"http:\/\/vocesver.com\/noticias\/wp-json\/wp\/v2\/media\/34392"}],"wp:attachment":[{"href":"http:\/\/vocesver.com\/noticias\/wp-json\/wp\/v2\/media?parent=34385"}],"wp:term":[{"taxonomy":"category","embeddable":true,"href":"http:\/\/vocesver.com\/noticias\/wp-json\/wp\/v2\/categories?post=34385"},{"taxonomy":"post_tag","embeddable":true,"href":"http:\/\/vocesver.com\/noticias\/wp-json\/wp\/v2\/tags?post=34385"}],"curies":[{"name":"wp","href":"https:\/\/api.w.org\/{rel}","templated":true}]}}