{"id":34381,"date":"2022-04-02T21:36:52","date_gmt":"2022-04-02T21:36:52","guid":{"rendered":"http:\/\/vocesver.com\/noticias\/?p=34381"},"modified":"2022-04-02T21:38:36","modified_gmt":"2022-04-02T21:38:36","slug":"me-siento-feliz-afirma-el-pequeno-eydher-dorian-palacios-al-registrarse-como-candidato-a-rey-infantil-del-carnaval-de-veracruz-2022","status":"publish","type":"post","link":"http:\/\/vocesver.com\/noticias\/me-siento-feliz-afirma-el-pequeno-eydher-dorian-palacios-al-registrarse-como-candidato-a-rey-infantil-del-carnaval-de-veracruz-2022\/","title":{"rendered":"Me siento feliz afirma el peque\u00f1o Eydher Dorian Palacios al registrarse como candidato a Rey infantil del Carnaval de Veracruz 2022"},"content":{"rendered":"\n<p><br><br><br>\u00b7         Usar\u00e1 el distintivo rojo<br><br>REDACCI\u00d3N\/VOCESVER.COM\/NOTICIAS \/Isaura Tapia Carranza<br><br>veracruz,Ver.- \u201cMe siento feliz, esto es lo que yo en verdad quer\u00eda\u201d afirm\u00f3 el peque\u00f1o Eydher Dorian Palacios Narcia, de siete a\u00f1os de edad, quien este viernes se registr\u00f3 formalmente como candidato a Rey Infantil del Carnaval de Veracruz 2022, evento que se llevar\u00e1 a cabo del 1 al 5 de julio del presente a\u00f1o.<br><br>En medio de un ambiente de gran algarab\u00eda y acompa\u00f1ado de personajes de los superh\u00e9roes infantiles, el menor quien se identifica con el distintivo rojo, extern\u00f3 sobre su participaci\u00f3n como candidato a rey infantil dijo: \u201cMe siento feliz, esto es lo que yo en verdad quer\u00eda desde que era muy, muy peque\u00f1o, a m\u00ed me encantaba ver a los reyes que bailaban y todo esto\u201d.<br><br>Eydher naci\u00f3 en el puerto de Veracruz, estudia el segundo a\u00f1o de primaria y asegur\u00f3 que tiene una gran ilusi\u00f3n de alcanzar la corona.<br><br>Previo a su registro, Eydher realiz\u00f3 una alegre rumbata conformada por bastoneras, batucada y un gran n\u00famero de asistentes, destac\u00e1ndose los superh\u00e9roes, quienes con mucho entusiasmo y cari\u00f1o brindaron su apoyo al candidato.<br><br>Dicho contingente inici\u00f3 en el Z\u00f3calo porte\u00f1o, para dirigirse a las oficinas del comit\u00e9 organizador ubicadas en los bajos del Palacio Municipal de Veracruz, en donde el presidente del comit\u00e9 organizador, Luis Antonio P\u00e9rez Fraga, le hizo entrega de su certificado como candidato a la Corte Real Infantil 2022.<br><br><br>&#8212;&#8212;&#8212;&#8212;&#8212;&#8212;&#8212;&#8212;&#8212;&#8212;&#8212;&#8212;&#8212;&#8212;&#8212;&#8212;<br><br>Te invitamos a visitar nuestras redes oficiales:<br><br>Web &#8211; http:\/\/carnavaldeveracruz.com.mx\/ <br><br>Facebook &#8211; https:\/\/www.facebook.com\/carnavaldeveracruz2020\/<br><br>Twitter &#8211; http:\/\/www.twitter.com\/carnaval_ver<br><br>Instagram &#8211; https:\/\/www.instagram.com\/carnavalveracruz\/ <br><br><br><br><br><br><br><br><br><br><br><br><br><br><br><br><br><br><br><br><br><br><br><br><br><br><br><br><br><br><br><br><br><\/p>\n","protected":false},"excerpt":{"rendered":"<p>\u00b7 Usar\u00e1 el distintivo rojo REDACCI\u00d3N\/VOCESVER.COM\/NOTICIAS \/Isaura Tapia Carranza veracruz,Ver.- \u201cMe siento feliz, esto es lo que yo en verdad<\/p>\n","protected":false},"author":2,"featured_media":34386,"comment_status":"open","ping_status":"open","sticky":false,"template":"","format":"standard","meta":{"colormag_page_container_layout":"default_layout","colormag_page_sidebar_layout":"default_layout","footnotes":""},"categories":[2],"tags":[],"class_list":["post-34381","post","type-post","status-publish","format-standard","has-post-thumbnail","hentry","category-infogral"],"_links":{"self":[{"href":"http:\/\/vocesver.com\/noticias\/wp-json\/wp\/v2\/posts\/34381","targetHints":{"allow":["GET"]}}],"collection":[{"href":"http:\/\/vocesver.com\/noticias\/wp-json\/wp\/v2\/posts"}],"about":[{"href":"http:\/\/vocesver.com\/noticias\/wp-json\/wp\/v2\/types\/post"}],"author":[{"embeddable":true,"href":"http:\/\/vocesver.com\/noticias\/wp-json\/wp\/v2\/users\/2"}],"replies":[{"embeddable":true,"href":"http:\/\/vocesver.com\/noticias\/wp-json\/wp\/v2\/comments?post=34381"}],"version-history":[{"count":3,"href":"http:\/\/vocesver.com\/noticias\/wp-json\/wp\/v2\/posts\/34381\/revisions"}],"predecessor-version":[{"id":34388,"href":"http:\/\/vocesver.com\/noticias\/wp-json\/wp\/v2\/posts\/34381\/revisions\/34388"}],"wp:featuredmedia":[{"embeddable":true,"href":"http:\/\/vocesver.com\/noticias\/wp-json\/wp\/v2\/media\/34386"}],"wp:attachment":[{"href":"http:\/\/vocesver.com\/noticias\/wp-json\/wp\/v2\/media?parent=34381"}],"wp:term":[{"taxonomy":"category","embeddable":true,"href":"http:\/\/vocesver.com\/noticias\/wp-json\/wp\/v2\/categories?post=34381"},{"taxonomy":"post_tag","embeddable":true,"href":"http:\/\/vocesver.com\/noticias\/wp-json\/wp\/v2\/tags?post=34381"}],"curies":[{"name":"wp","href":"https:\/\/api.w.org\/{rel}","templated":true}]}}