{"id":34373,"date":"2022-04-01T15:58:06","date_gmt":"2022-04-01T15:58:06","guid":{"rendered":"http:\/\/vocesver.com\/noticias\/?p=34373"},"modified":"2022-04-01T16:00:02","modified_gmt":"2022-04-01T16:00:02","slug":"libertad-a-rogelio-franco-y-a-todos-los-presos-politicos-sergio-cadena","status":"publish","type":"post","link":"http:\/\/vocesver.com\/noticias\/libertad-a-rogelio-franco-y-a-todos-los-presos-politicos-sergio-cadena\/","title":{"rendered":"Libertad a Rogelio Franco y a todos los presos pol\u00edticos: Sergio Cadena"},"content":{"rendered":"\n<p><br><br><br>AUSENCIO RIVERA\/VOCESVER.COM\/NOTICIAS<br><br>Ciudad de M\u00e9xico, 01 de abril de 2022. El dirigente estatal del PRD en Veracruz, Sergio Cadena Mart\u00ednez, exigi\u00f3 a  nombre de los Perredistas veracruzanos y de todo el pa\u00eds un cese a la violencia pol\u00edtica y los abusos de autoridad pol\u00edtica en contra de los militantes y simpatizantes del partido del Sol Azteca.<br><br>Acompa\u00f1ado por integrantes de la dirigencia nacional, Cadena Mart\u00ednez alz\u00f3 la voz y encabez\u00f3 una marcha frente a palacio nacional para exigir la libertad de quienes son v\u00edctimas de un mal gobierno, en este caso el del gobernador Cuitl\u00e1huac Garc\u00eda Jim\u00e9nez.<br><br>\u201cvenimos ciudadan\u00eda de Veracruz a exigirle al presidente que se acabe la violencia pol\u00edtica en la entidad; que le jale las riendas a un gobernador que adem\u00e1s de inepto es corrupto, viola las leyes y mete a la c\u00e1rcel a todo aquel que piensa diferente\u201d, apunt\u00f3.<br><br>El dirigente agreg\u00f3 que como estado Veracruz est\u00e1 cansado de tanto desatino  y por lo mismo el PRD, que es un partido de lucha no se puede quedar callado ante tanta injusticia y tanta violaci\u00f3n de las leyes.<br><br>\u00abVeracruz lamentablemente est\u00e1 sometido por el hombre que se siente protegido por el hombre que vive aqu\u00ed, en Palacio Nacional; y yo le pregunto, Andr\u00e9s qu\u00e9 te hicimos los veracruzanos para que tengamos un gobernador que hace lo que se le da su regalada gana y que no cumple con su obligaci\u00f3n de gobernar; Veracruz est\u00e1 arrepentido Andr\u00e9s porque le levantas la mano a un gobernador que la \u00fanica virtud que ha tenido es mandarte dinero que no ejerce en obra p\u00fablica\u00bb, detall\u00f3.<br><br>El Presidente de la DEE critic\u00f3 que a pesar de la severa crisis de violencia de genero en el estado y que somos punteros en feminicidios, no se han implementado acciones para confrontar la problem\u00e1tica.<br><br>Sergio Cadena y la delegaci\u00f3n veracruzana estuvieron acompa\u00f1ados por el l\u00edder nacional Jes\u00fas Ortega, la Secretaria general Adriana D\u00edaz Contreras, la presidenta del Consejo Nacional, Roxana Luna Porquillo, Claudia Castelo integrante de la direcci\u00f3n nacional, Deborah coordinadora de la organizaci\u00f3n nacional de las mujeres, los diputados federales Elizabeth P\u00e9rez Vald\u00e9s y Jes\u00fas Vel\u00e1zquez, as\u00ed como por Karen Quiroga, secretaria de igualdad de G\u00e9nero y Edgar Pereira, integrante de la direccion nacional.<br><br><br><br><br><br><br><br><br><br><br><br><br><br><br><br><br><br><br><br><br><br><br><br><br><br><br><br><br><br><br><br><\/p>\n","protected":false},"excerpt":{"rendered":"<p>AUSENCIO RIVERA\/VOCESVER.COM\/NOTICIAS Ciudad de M\u00e9xico, 01 de abril de 2022. El dirigente estatal del PRD en Veracruz, Sergio Cadena Mart\u00ednez,<\/p>\n","protected":false},"author":2,"featured_media":34379,"comment_status":"open","ping_status":"open","sticky":false,"template":"","format":"standard","meta":{"colormag_page_container_layout":"default_layout","colormag_page_sidebar_layout":"default_layout","footnotes":""},"categories":[2],"tags":[],"class_list":["post-34373","post","type-post","status-publish","format-standard","has-post-thumbnail","hentry","category-infogral"],"_links":{"self":[{"href":"http:\/\/vocesver.com\/noticias\/wp-json\/wp\/v2\/posts\/34373","targetHints":{"allow":["GET"]}}],"collection":[{"href":"http:\/\/vocesver.com\/noticias\/wp-json\/wp\/v2\/posts"}],"about":[{"href":"http:\/\/vocesver.com\/noticias\/wp-json\/wp\/v2\/types\/post"}],"author":[{"embeddable":true,"href":"http:\/\/vocesver.com\/noticias\/wp-json\/wp\/v2\/users\/2"}],"replies":[{"embeddable":true,"href":"http:\/\/vocesver.com\/noticias\/wp-json\/wp\/v2\/comments?post=34373"}],"version-history":[{"count":2,"href":"http:\/\/vocesver.com\/noticias\/wp-json\/wp\/v2\/posts\/34373\/revisions"}],"predecessor-version":[{"id":34378,"href":"http:\/\/vocesver.com\/noticias\/wp-json\/wp\/v2\/posts\/34373\/revisions\/34378"}],"wp:featuredmedia":[{"embeddable":true,"href":"http:\/\/vocesver.com\/noticias\/wp-json\/wp\/v2\/media\/34379"}],"wp:attachment":[{"href":"http:\/\/vocesver.com\/noticias\/wp-json\/wp\/v2\/media?parent=34373"}],"wp:term":[{"taxonomy":"category","embeddable":true,"href":"http:\/\/vocesver.com\/noticias\/wp-json\/wp\/v2\/categories?post=34373"},{"taxonomy":"post_tag","embeddable":true,"href":"http:\/\/vocesver.com\/noticias\/wp-json\/wp\/v2\/tags?post=34373"}],"curies":[{"name":"wp","href":"https:\/\/api.w.org\/{rel}","templated":true}]}}