{"id":34368,"date":"2022-04-01T15:53:57","date_gmt":"2022-04-01T15:53:57","guid":{"rendered":"http:\/\/vocesver.com\/noticias\/?p=34368"},"modified":"2022-04-01T15:56:04","modified_gmt":"2022-04-01T15:56:04","slug":"se-registra-julian-rivera-el-sexto-candidato-a-rey-de-la-alegria-2022","status":"publish","type":"post","link":"http:\/\/vocesver.com\/noticias\/se-registra-julian-rivera-el-sexto-candidato-a-rey-de-la-alegria-2022\/","title":{"rendered":"Se registra Juli\u00e1n Rivera, el sexto candidato a Rey de la Alegr\u00eda 2022"},"content":{"rendered":"\n<p><br><br>-Contender\u00e1 con el distintivo rojo<br><br>REDACCI\u00d3N\/VOCESVER.COM\/NOTICIAS<br><br>Veracruz, Ver., 31 de marzo de 2022.- Convencido de su gran cari\u00f1o por la fiesta m\u00e1s alegre del mundo, este jueves se llev\u00f3 a cabo el registro formal de Juli\u00e1n Rivera Fern\u00e1ndez, de 26 a\u00f1os, como candidato a Rey de la Alegr\u00eda del Carnaval de Veracruz 2022.<br><br>El joven utilizar\u00e1 el distintivo color rojo y se dijo muy contento por participar en los festejos del Rey Momo de este a\u00f1o, que tendr\u00e1n efecto del 1 al 5 de julio.<br><br>En esta ocasi\u00f3n, no se realiz\u00f3 ninguna rumbata; sin embargo, asegur\u00f3 sentirse muy feliz de participar, contando con el respaldo de familiares y amistades.<br><br>Juli\u00e1n lleg\u00f3 a las oficinas del Comit\u00e9 Organizador y recibi\u00f3 su certificado de registro oficial por parte del presidente Luis Antonio P\u00e9rez Fraga, quien lo felicit\u00f3 por su decisi\u00f3n y le pidi\u00f3 disfrutar de esta contienda con alegr\u00eda y compromiso.<br><br>Finalmente, el candidato invit\u00f3 a la ciudadan\u00eda a apoyarlo para lograr ser el pr\u00f3ximo Rey de la Alegr\u00eda del Carnaval de Veracruz.<br><br><br>&#8212;&#8212;&#8212;&#8212;&#8212;&#8212;&#8212;&#8212;&#8212;&#8212;&#8212;&#8212;&#8212;&#8212;&#8212;&#8212;<br><br>Te invitamos a visitar nuestras redes oficiales:<br><br>Web &#8211; http:\/\/carnavaldeveracruz.com.mx\/ <br><br>Facebook &#8211; https:\/\/www.facebook.com\/carnavaldeveracruz2022\/<br><br>Twitter &#8211; http:\/\/www.twitter.com\/carnaval_ver<br><br>Instagram &#8211; https:\/\/www.instagram.com\/carnavalveracruz\/ <br><br><br><br><br><br><br><br><br><br><br><br><br><br><br><br><br><br><br><br><br><br><br><br><br><br><br><br><br><br><br><br><br><br><\/p>\n","protected":false},"excerpt":{"rendered":"<p>-Contender\u00e1 con el distintivo rojo REDACCI\u00d3N\/VOCESVER.COM\/NOTICIAS Veracruz, Ver., 31 de marzo de 2022.- Convencido de su gran cari\u00f1o por la<\/p>\n","protected":false},"author":2,"featured_media":34375,"comment_status":"open","ping_status":"open","sticky":false,"template":"","format":"standard","meta":{"colormag_page_container_layout":"default_layout","colormag_page_sidebar_layout":"default_layout","footnotes":""},"categories":[2],"tags":[],"class_list":["post-34368","post","type-post","status-publish","format-standard","has-post-thumbnail","hentry","category-infogral"],"_links":{"self":[{"href":"http:\/\/vocesver.com\/noticias\/wp-json\/wp\/v2\/posts\/34368","targetHints":{"allow":["GET"]}}],"collection":[{"href":"http:\/\/vocesver.com\/noticias\/wp-json\/wp\/v2\/posts"}],"about":[{"href":"http:\/\/vocesver.com\/noticias\/wp-json\/wp\/v2\/types\/post"}],"author":[{"embeddable":true,"href":"http:\/\/vocesver.com\/noticias\/wp-json\/wp\/v2\/users\/2"}],"replies":[{"embeddable":true,"href":"http:\/\/vocesver.com\/noticias\/wp-json\/wp\/v2\/comments?post=34368"}],"version-history":[{"count":2,"href":"http:\/\/vocesver.com\/noticias\/wp-json\/wp\/v2\/posts\/34368\/revisions"}],"predecessor-version":[{"id":34374,"href":"http:\/\/vocesver.com\/noticias\/wp-json\/wp\/v2\/posts\/34368\/revisions\/34374"}],"wp:featuredmedia":[{"embeddable":true,"href":"http:\/\/vocesver.com\/noticias\/wp-json\/wp\/v2\/media\/34375"}],"wp:attachment":[{"href":"http:\/\/vocesver.com\/noticias\/wp-json\/wp\/v2\/media?parent=34368"}],"wp:term":[{"taxonomy":"category","embeddable":true,"href":"http:\/\/vocesver.com\/noticias\/wp-json\/wp\/v2\/categories?post=34368"},{"taxonomy":"post_tag","embeddable":true,"href":"http:\/\/vocesver.com\/noticias\/wp-json\/wp\/v2\/tags?post=34368"}],"curies":[{"name":"wp","href":"https:\/\/api.w.org\/{rel}","templated":true}]}}