{"id":34364,"date":"2022-04-01T15:47:49","date_gmt":"2022-04-01T15:47:49","guid":{"rendered":"http:\/\/vocesver.com\/noticias\/?p=34364"},"modified":"2022-04-01T15:49:42","modified_gmt":"2022-04-01T15:49:42","slug":"nombran-a-raymundo-trinidad-bastonero-real-del-carnaval-de-veracruz-2022","status":"publish","type":"post","link":"http:\/\/vocesver.com\/noticias\/nombran-a-raymundo-trinidad-bastonero-real-del-carnaval-de-veracruz-2022\/","title":{"rendered":"Nombran a Raymundo Trinidad Bastonero Real del Carnaval de Veracruz 2022"},"content":{"rendered":"\n<p>Tiene m\u00e1s de 30 a\u00f1os participando en los festejos del Rey Momo<br><br><br>REDACCI\u00d3N\/VOCESVER.COM\/NOTICIAS<br><br>Veracruz, Ver., 31 de marzo de 2022.- Este jueves, el Ayuntamiento de Veracruz y el Comit\u00e9 Organizador del Carnaval de Veracruz 2022 nombraron a Raymundo Trinidad Roque como Bastonero Real de las cortes de esta magna festividad.<br><br>El presidente del Comit\u00e9, Luis Antonio P\u00e9rez Fraga, hizo el anuncio oficial y le notific\u00f3 sus compromisos en esta nueva encomienda dentro de la Corte Real de la fiesta m\u00e1s alegre del mundo, en su edici\u00f3n 98.<br><br>Raymundo Trinidad es veracruzano, cuenta con 56 a\u00f1os, naci\u00f3 un 5 de mayo de 1965 y tiene m\u00e1s de 30 a\u00f1os participando en los carnavales de Veracruz.<br><br>Particip\u00f3 en la comparsa \u201cFlota Veracruzana\u201d desde 1994 y caracteriz\u00f3 al personaje \u201cAntonieto\u201d, Bastonero de la Corte Real Infantil del Carnaval de los 500 a\u00f1os.<br><br>Adem\u00e1s, lleva 11 a\u00f1os trabajando para la Asociaci\u00f3n de Agentes Aduanales del Puerto de Veracruz y cuenta con 23 a\u00f1os desarroll\u00e1ndose en esta actividad.<br><br><br><br>&#8212;&#8212;&#8212;&#8212;&#8212;&#8212;&#8212;&#8212;&#8212;&#8212;&#8212;&#8212;&#8212;&#8212;&#8212;&#8212;<br><br>Te invitamos a visitar nuestras redes oficiales:<br><br>Web &#8211; http:\/\/carnavaldeveracruz.com.mx\/ <br><br>Facebook &#8211; https:\/\/www.facebook.com\/carnavaldeveracruz2022\/<br><br>Twitter &#8211; http:\/\/www.twitter.com\/carnaval_ver<br><br>Instagram &#8211; https:\/\/www.instagram.com\/carnavalveracruz\/ <br><br><br><br><br><br><br><br><br><br><br><br><br><br><br><br><br><br><br><br><br><br><br><br><br><br><br><br><br><br><br><br><br><br><br><br><br><\/p>\n","protected":false},"excerpt":{"rendered":"<p>Tiene m\u00e1s de 30 a\u00f1os participando en los festejos del Rey Momo REDACCI\u00d3N\/VOCESVER.COM\/NOTICIAS Veracruz, Ver., 31 de marzo de 2022.-<\/p>\n","protected":false},"author":2,"featured_media":34371,"comment_status":"open","ping_status":"open","sticky":false,"template":"","format":"standard","meta":{"colormag_page_container_layout":"default_layout","colormag_page_sidebar_layout":"default_layout","footnotes":""},"categories":[2],"tags":[],"class_list":["post-34364","post","type-post","status-publish","format-standard","has-post-thumbnail","hentry","category-infogral"],"_links":{"self":[{"href":"http:\/\/vocesver.com\/noticias\/wp-json\/wp\/v2\/posts\/34364","targetHints":{"allow":["GET"]}}],"collection":[{"href":"http:\/\/vocesver.com\/noticias\/wp-json\/wp\/v2\/posts"}],"about":[{"href":"http:\/\/vocesver.com\/noticias\/wp-json\/wp\/v2\/types\/post"}],"author":[{"embeddable":true,"href":"http:\/\/vocesver.com\/noticias\/wp-json\/wp\/v2\/users\/2"}],"replies":[{"embeddable":true,"href":"http:\/\/vocesver.com\/noticias\/wp-json\/wp\/v2\/comments?post=34364"}],"version-history":[{"count":2,"href":"http:\/\/vocesver.com\/noticias\/wp-json\/wp\/v2\/posts\/34364\/revisions"}],"predecessor-version":[{"id":34369,"href":"http:\/\/vocesver.com\/noticias\/wp-json\/wp\/v2\/posts\/34364\/revisions\/34369"}],"wp:featuredmedia":[{"embeddable":true,"href":"http:\/\/vocesver.com\/noticias\/wp-json\/wp\/v2\/media\/34371"}],"wp:attachment":[{"href":"http:\/\/vocesver.com\/noticias\/wp-json\/wp\/v2\/media?parent=34364"}],"wp:term":[{"taxonomy":"category","embeddable":true,"href":"http:\/\/vocesver.com\/noticias\/wp-json\/wp\/v2\/categories?post=34364"},{"taxonomy":"post_tag","embeddable":true,"href":"http:\/\/vocesver.com\/noticias\/wp-json\/wp\/v2\/tags?post=34364"}],"curies":[{"name":"wp","href":"https:\/\/api.w.org\/{rel}","templated":true}]}}