{"id":34353,"date":"2022-03-31T22:54:22","date_gmt":"2022-03-31T22:54:22","guid":{"rendered":"http:\/\/vocesver.com\/noticias\/?p=34353"},"modified":"2022-03-31T22:57:05","modified_gmt":"2022-03-31T22:57:05","slug":"acompanado-de-empresarios-de-eu-john-kerry-se-reune-con-amlo-en-palacio-nacional","status":"publish","type":"post","link":"http:\/\/vocesver.com\/noticias\/acompanado-de-empresarios-de-eu-john-kerry-se-reune-con-amlo-en-palacio-nacional\/","title":{"rendered":"Acompa\u00f1ado de empresarios de EU, John Kerry se re\u00fane con AMLO en Palacio Nacional"},"content":{"rendered":"\n<p>John&nbsp;<strong>Kerry<\/strong>, enviado especial de EU para el Clima, lleg\u00f3 acompa\u00f1ado de&nbsp;<strong>empresarios<\/strong>&nbsp;a Palacio Nacional para sostener una reuni\u00f3n con&nbsp;<strong>AMLO<\/strong>. Foto: Cuartoscuro (Archivo).<\/p>\n\n\n\n<p><\/p>\n\n\n\n<p>REDACCI\u00d3N\/VOCESVER.COM\/NOTICIAS<br><br>NACIONAL.- A 31 de Marzo 2022.- DE ACUERDO CON INFORMACI\u00d3N DE CDMX\/M\u00c9XICO\/UNOTV&#8230;..A un mes de su \u00faltima visita, John Kerry, enviado especial del Gobierno de Estados Unidos para el Clima, se re\u00fane una vez m\u00e1s con el presidente Andr\u00e9s Manuel L\u00f3pez Obrador (AMLO), quien lo recibi\u00f3 en Palacio Nacional.<br><br><br>El funcionario de Estados Unidos lleg\u00f3 acompa\u00f1ado de empresarios de su pa\u00eds.<br><br>El funcionario lleg\u00f3 en medio del bullicio generado por comerciantes ambulantes<br>Uno de los temas principales a tratar es la Reforma El\u00e9ctrica impulsada en M\u00e9xico<br><br>Durante su conferencia de prensa ma\u00f1anera de este jueves, el presidente AMLO se\u00f1al\u00f3 que informar\u00e1 a John Kerry y empresarios estadounidenses del sector energ\u00e9tico sobre la generaci\u00f3n de energ\u00edas limpias en M\u00e9xico, y el fortalecimiento de determinadas entidades p\u00fablicas:<br><br>\u201c(Entre ellas) Petr\u00f3leos Mexicanos (Pemex) y Comisi\u00f3n Federal de Electricidad (CFE), y definir qu\u00e9 minerales estrat\u00e9gicos, como el litio, estar\u00e1n manejados por empresas de la naci\u00f3n. En la industria el\u00e9ctrica se garantizar\u00e1 participaci\u00f3n de la iniciativa privada, nacional y extranjera, en 46% del mercado\u201d.<br><br>John Kerry y empresarios<br>A\u00f1adi\u00f3 que el 54% de la CFE ser\u00e1 gestionada por la empresa misma<br>AMLO sugiri\u00f3 que la industria el\u00e9ctrica nacional ser\u00eda m\u00e1s funcional que la de EU<br>El mes pasado, cuando John Kerry visit\u00f3 Palacio Nacional sin la presencia de empresarios sino de funcionarios estadounidenses, ambas naciones acordaron crear un \u201cPlan de Acci\u00f3n\u201d para elevar la producci\u00f3n de energ\u00edas limpias en los pr\u00f3ximos tres a\u00f1os. En febrero, AMLO se\u00f1al\u00f3:<br><br><br>\u201cEspero que sea una muy buena reuni\u00f3n porque buscaremos acuerdos. No estamos en postura intransigente, queremos llevar buenas relaciones con el Gobierno y empresarios de Estados Unidos, y con todos los empresarios nacionales y extranjeros\u201d.<br><br><br>INF. DE CDMX\/M\u00c9XICO\/UNOTV&#8230;.<br><br><br><br><br><br><br><br><br><br><br><br><br><br><br><br><br><br><br><br><br><br><br><br><br><br><br><br><br><br><br><br><br><br><br><br><br><br><br><br><br><br><br><br><br><br><br><br><br><br><br><br><\/p>\n","protected":false},"excerpt":{"rendered":"<p>John&nbsp;Kerry, enviado especial de EU para el Clima, lleg\u00f3 acompa\u00f1ado de&nbsp;empresarios&nbsp;a Palacio Nacional para sostener una reuni\u00f3n con&nbsp;AMLO. Foto: Cuartoscuro<\/p>\n","protected":false},"author":2,"featured_media":34361,"comment_status":"open","ping_status":"open","sticky":false,"template":"","format":"standard","meta":{"colormag_page_container_layout":"default_layout","colormag_page_sidebar_layout":"default_layout","footnotes":""},"categories":[5],"tags":[],"class_list":["post-34353","post","type-post","status-publish","format-standard","has-post-thumbnail","hentry","category-nacional"],"_links":{"self":[{"href":"http:\/\/vocesver.com\/noticias\/wp-json\/wp\/v2\/posts\/34353","targetHints":{"allow":["GET"]}}],"collection":[{"href":"http:\/\/vocesver.com\/noticias\/wp-json\/wp\/v2\/posts"}],"about":[{"href":"http:\/\/vocesver.com\/noticias\/wp-json\/wp\/v2\/types\/post"}],"author":[{"embeddable":true,"href":"http:\/\/vocesver.com\/noticias\/wp-json\/wp\/v2\/users\/2"}],"replies":[{"embeddable":true,"href":"http:\/\/vocesver.com\/noticias\/wp-json\/wp\/v2\/comments?post=34353"}],"version-history":[{"count":4,"href":"http:\/\/vocesver.com\/noticias\/wp-json\/wp\/v2\/posts\/34353\/revisions"}],"predecessor-version":[{"id":34362,"href":"http:\/\/vocesver.com\/noticias\/wp-json\/wp\/v2\/posts\/34353\/revisions\/34362"}],"wp:featuredmedia":[{"embeddable":true,"href":"http:\/\/vocesver.com\/noticias\/wp-json\/wp\/v2\/media\/34361"}],"wp:attachment":[{"href":"http:\/\/vocesver.com\/noticias\/wp-json\/wp\/v2\/media?parent=34353"}],"wp:term":[{"taxonomy":"category","embeddable":true,"href":"http:\/\/vocesver.com\/noticias\/wp-json\/wp\/v2\/categories?post=34353"},{"taxonomy":"post_tag","embeddable":true,"href":"http:\/\/vocesver.com\/noticias\/wp-json\/wp\/v2\/tags?post=34353"}],"curies":[{"name":"wp","href":"https:\/\/api.w.org\/{rel}","templated":true}]}}