{"id":34347,"date":"2022-03-31T22:30:39","date_gmt":"2022-03-31T22:30:39","guid":{"rendered":"http:\/\/vocesver.com\/noticias\/?p=34347"},"modified":"2022-03-31T22:36:25","modified_gmt":"2022-03-31T22:36:25","slug":"mas-de-300-buques-y-mil-marinos-permanecen-atrapados-en-ucrania-por-conflicto-belicolozano-diaz","status":"publish","type":"post","link":"http:\/\/vocesver.com\/noticias\/mas-de-300-buques-y-mil-marinos-permanecen-atrapados-en-ucrania-por-conflicto-belicolozano-diaz\/","title":{"rendered":"M\u00c1S DE 300 BUQUES Y MIL MARINOS PERMANECEN  ATRAPADOS EN UCRANIA POR CONFLICTO B\u00c9LICO:LOZANO D\u00cdAZ"},"content":{"rendered":"\n<p><br>AUSENCIO RIVERA\/VOCESVER.COM\/NOTICIAS<br>Veracruz,Ver.-  a 31 de Marzo 2022.- De acuerdo con informaci\u00f3n de la Federaci\u00f3n Internacional de los Trabajadores del Transporte por sus siglas( ITF) en el Puerto de Veracruz  m\u00e1s de 300 buques y alrededor de mil tripulantes de 20 pa\u00edses permanecen atrapados en Ucrania tras el conflicto b\u00e9lico con Rusia.<br>El capit\u00e1n Enrique Lozano D\u00edaz inspector de esta federaci\u00f3n reconoci\u00f3 que estos son da\u00f1os colaterales de esta guerra.<br>Denunci\u00f3  que estos tripulantes ya tienen problemas  a bordo de escasez de alimentos y agua.<br>En el caso de los 5 marinos ucranianos que navegaban con contratos vencidos a bordo del buque MSC  de  bandera liberiana y que solicitar\u00f3n la intervenci\u00f3n de la ITF para retornar a sus casas se logr\u00f3 que estos desembarcaran en el puerto de Italia. Eso no lo ha confirmador el armador por escrito, luego de que estos nos pidieron ayuda enfatizo.<br>Por otro lado dijo que la ITF y los sindicatos marineros advierten que una crisis humanitaria se est\u00e1 profundizando en el Mar Negro y Mar de Azov. Cientos de marineros de 20 pa\u00edses permanecen atrapados, all\u00ed tienen menos de tres d\u00edas de agua para la tripulaci\u00f3n desesperada.<br><br><br><br><br><br><br><br><br><br><br><br><br><br><br><br><br><br><br><br><br><br><br><br><br><br><br><br><br><br><br><br><br><br><br><br><\/p>\n","protected":false},"excerpt":{"rendered":"<p>AUSENCIO RIVERA\/VOCESVER.COM\/NOTICIASVeracruz,Ver.- a 31 de Marzo 2022.- De acuerdo con informaci\u00f3n de la Federaci\u00f3n Internacional de los Trabajadores del Transporte<\/p>\n","protected":false},"author":2,"featured_media":34355,"comment_status":"open","ping_status":"open","sticky":false,"template":"","format":"standard","meta":{"colormag_page_container_layout":"default_layout","colormag_page_sidebar_layout":"default_layout","footnotes":""},"categories":[2],"tags":[],"class_list":["post-34347","post","type-post","status-publish","format-standard","has-post-thumbnail","hentry","category-infogral"],"_links":{"self":[{"href":"http:\/\/vocesver.com\/noticias\/wp-json\/wp\/v2\/posts\/34347","targetHints":{"allow":["GET"]}}],"collection":[{"href":"http:\/\/vocesver.com\/noticias\/wp-json\/wp\/v2\/posts"}],"about":[{"href":"http:\/\/vocesver.com\/noticias\/wp-json\/wp\/v2\/types\/post"}],"author":[{"embeddable":true,"href":"http:\/\/vocesver.com\/noticias\/wp-json\/wp\/v2\/users\/2"}],"replies":[{"embeddable":true,"href":"http:\/\/vocesver.com\/noticias\/wp-json\/wp\/v2\/comments?post=34347"}],"version-history":[{"count":2,"href":"http:\/\/vocesver.com\/noticias\/wp-json\/wp\/v2\/posts\/34347\/revisions"}],"predecessor-version":[{"id":34354,"href":"http:\/\/vocesver.com\/noticias\/wp-json\/wp\/v2\/posts\/34347\/revisions\/34354"}],"wp:featuredmedia":[{"embeddable":true,"href":"http:\/\/vocesver.com\/noticias\/wp-json\/wp\/v2\/media\/34355"}],"wp:attachment":[{"href":"http:\/\/vocesver.com\/noticias\/wp-json\/wp\/v2\/media?parent=34347"}],"wp:term":[{"taxonomy":"category","embeddable":true,"href":"http:\/\/vocesver.com\/noticias\/wp-json\/wp\/v2\/categories?post=34347"},{"taxonomy":"post_tag","embeddable":true,"href":"http:\/\/vocesver.com\/noticias\/wp-json\/wp\/v2\/tags?post=34347"}],"curies":[{"name":"wp","href":"https:\/\/api.w.org\/{rel}","templated":true}]}}