{"id":34169,"date":"2022-03-23T22:28:43","date_gmt":"2022-03-23T22:28:43","guid":{"rendered":"http:\/\/vocesver.com\/noticias\/?p=34169"},"modified":"2022-03-23T22:29:51","modified_gmt":"2022-03-23T22:29:51","slug":"frente-frio-38-provoca-mal-tiempo-en-veracruz","status":"publish","type":"post","link":"http:\/\/vocesver.com\/noticias\/frente-frio-38-provoca-mal-tiempo-en-veracruz\/","title":{"rendered":"FRENTE FRIO 38 PROVOCA MAL TIEMPO EN VERACRUZ.."},"content":{"rendered":"\n<p><br><br>REDACCI\u00d3N\/VOCESVER.CM\/NOTICIAS<br><br>PIE DE FOTO.- 2022.-Consecuencia del ingreso del frente fr\u00edo n\u00famero  38 al Golfo de M\u00e9xico, prevalece mal tiempo en el puerto jarocho. Foto Ausencio RIVERA.<br><br><br><br><br><br><br><br><br><br><br><br><br><br><br><\/p>\n","protected":false},"excerpt":{"rendered":"<p>REDACCI\u00d3N\/VOCESVER.CM\/NOTICIAS PIE DE FOTO.- 2022.-Consecuencia del ingreso del frente fr\u00edo n\u00famero 38 al Golfo de M\u00e9xico, prevalece mal tiempo en<\/p>\n","protected":false},"author":2,"featured_media":34175,"comment_status":"open","ping_status":"open","sticky":false,"template":"","format":"standard","meta":{"colormag_page_container_layout":"default_layout","colormag_page_sidebar_layout":"default_layout","footnotes":""},"categories":[2],"tags":[],"class_list":["post-34169","post","type-post","status-publish","format-standard","has-post-thumbnail","hentry","category-infogral"],"_links":{"self":[{"href":"http:\/\/vocesver.com\/noticias\/wp-json\/wp\/v2\/posts\/34169","targetHints":{"allow":["GET"]}}],"collection":[{"href":"http:\/\/vocesver.com\/noticias\/wp-json\/wp\/v2\/posts"}],"about":[{"href":"http:\/\/vocesver.com\/noticias\/wp-json\/wp\/v2\/types\/post"}],"author":[{"embeddable":true,"href":"http:\/\/vocesver.com\/noticias\/wp-json\/wp\/v2\/users\/2"}],"replies":[{"embeddable":true,"href":"http:\/\/vocesver.com\/noticias\/wp-json\/wp\/v2\/comments?post=34169"}],"version-history":[{"count":2,"href":"http:\/\/vocesver.com\/noticias\/wp-json\/wp\/v2\/posts\/34169\/revisions"}],"predecessor-version":[{"id":34174,"href":"http:\/\/vocesver.com\/noticias\/wp-json\/wp\/v2\/posts\/34169\/revisions\/34174"}],"wp:featuredmedia":[{"embeddable":true,"href":"http:\/\/vocesver.com\/noticias\/wp-json\/wp\/v2\/media\/34175"}],"wp:attachment":[{"href":"http:\/\/vocesver.com\/noticias\/wp-json\/wp\/v2\/media?parent=34169"}],"wp:term":[{"taxonomy":"category","embeddable":true,"href":"http:\/\/vocesver.com\/noticias\/wp-json\/wp\/v2\/categories?post=34169"},{"taxonomy":"post_tag","embeddable":true,"href":"http:\/\/vocesver.com\/noticias\/wp-json\/wp\/v2\/tags?post=34169"}],"curies":[{"name":"wp","href":"https:\/\/api.w.org\/{rel}","templated":true}]}}