{"id":34164,"date":"2022-03-23T22:03:14","date_gmt":"2022-03-23T22:03:14","guid":{"rendered":"http:\/\/vocesver.com\/noticias\/?p=34164"},"modified":"2022-03-23T22:04:20","modified_gmt":"2022-03-23T22:04:20","slug":"alistan-la-edicion-57-del-torneo-internacional-del-sabalo-de-plata","status":"publish","type":"post","link":"http:\/\/vocesver.com\/noticias\/alistan-la-edicion-57-del-torneo-internacional-del-sabalo-de-plata\/","title":{"rendered":"Alistan la edici\u00f3n #57 del Torneo Internacional del S\u00e1balo de Plata*"},"content":{"rendered":"\n<p><br>*Ser\u00e1 a finales de mayo, el torneo de pesca deportiva con m\u00e1s tradici\u00f3n en el Golfo de M\u00e9xico<br>REDACCI\u00d3N\/VOCESVER.COM\/NOTICIAS<br>(Veracruz, Ver., a 23 de marzo de 2022).- La edici\u00f3n #57 del Torneo Internacional del S\u00e1balo de Plata 2022 se desarrollar\u00e1 del 26 al 28 de mayo, as\u00ed lo inform\u00f3 el director de torneos del Club de Yates Veracruz, Gregorio Chedrahui Bolado.<br>\u201cLa Tradici\u00f3n Contin\u00faa\u201d \u2026 El hist\u00f3rico certamen de pesca deportiva del Golfo de M\u00e9xico, desarrollado anualmente por el Club de Yates Veracruz, tendr\u00e1 como sede la Marina Veramar, en donde participar\u00e1n destacados pescadores deportivos nacionales e internacionales.<br>El director de Torneos del Club de Yates Veracruz, Gregorio Chedraui Bolado confirm\u00f3 tambi\u00e9n la realizaci\u00f3n del Torneo Internacional del Marl\u00edn, el cual ha sido agendado para desarrollarse del 25 al 27 de agosto en el presente a\u00f1o.<br>\u201cTenemos ya listos los torneos, como siempre el Torneo del S\u00e1balo para finales de mayo y el Torneo del Marl\u00edn para realizarse del 25 al 27 de agosto, como siempre Marina Veramar; organizando los mejores torneos de Veracruz.<br>La Tradici\u00f3n Contin\u00faa con la historia del Club de Yates ya con la nueva cara de Marina Veramar y este a\u00f1os ya estamos listos; despu\u00e9s de dos a\u00f1os complicados de pandemia, este a\u00f1o regresamos con todo, m\u00e1s fuertes que nunca, a continuar con la tradici\u00f3n de la pesca deportva en Veracruz.<br>La expectativa que tenemos es muy buena, pues la gente est\u00e1 muy motivada de regresar a pescar al mar, la expectativa es muy alta y muy buena para este a\u00f1o\u201d, extern\u00f3 Chedraui Bolado.<br>El Club de Yates de Veracruz agradece p\u00fablicamente el apoyo de los patrocinadores y tambi\u00e9n el respaldo que brindan al Torneo Internacional del S\u00e1balo de Plata los pescadores deportivos participantes del interior del pa\u00eds, as\u00ed como de talla internacional.<br>Para mayores informes, se invita a la comunidad deportiva pesquera a estar en contacto a trav\u00e9s de la web site y fan page de Facebook: www.clubdeyatesveracruz.com  \/ www.facebook.com\/clubdeyatesveracruz<br><br><br><br><br><br><br><br><br><br><br><br><br><br><br><br><br><br><br><br><br><br><br><br><br><br><br><br><br><\/p>\n","protected":false},"excerpt":{"rendered":"<p>*Ser\u00e1 a finales de mayo, el torneo de pesca deportiva con m\u00e1s tradici\u00f3n en el Golfo de M\u00e9xicoREDACCI\u00d3N\/VOCESVER.COM\/NOTICIAS(Veracruz, Ver., a<\/p>\n","protected":false},"author":2,"featured_media":34171,"comment_status":"open","ping_status":"open","sticky":false,"template":"","format":"standard","meta":{"colormag_page_container_layout":"default_layout","colormag_page_sidebar_layout":"default_layout","footnotes":""},"categories":[2],"tags":[],"class_list":["post-34164","post","type-post","status-publish","format-standard","has-post-thumbnail","hentry","category-infogral"],"_links":{"self":[{"href":"http:\/\/vocesver.com\/noticias\/wp-json\/wp\/v2\/posts\/34164","targetHints":{"allow":["GET"]}}],"collection":[{"href":"http:\/\/vocesver.com\/noticias\/wp-json\/wp\/v2\/posts"}],"about":[{"href":"http:\/\/vocesver.com\/noticias\/wp-json\/wp\/v2\/types\/post"}],"author":[{"embeddable":true,"href":"http:\/\/vocesver.com\/noticias\/wp-json\/wp\/v2\/users\/2"}],"replies":[{"embeddable":true,"href":"http:\/\/vocesver.com\/noticias\/wp-json\/wp\/v2\/comments?post=34164"}],"version-history":[{"count":2,"href":"http:\/\/vocesver.com\/noticias\/wp-json\/wp\/v2\/posts\/34164\/revisions"}],"predecessor-version":[{"id":34170,"href":"http:\/\/vocesver.com\/noticias\/wp-json\/wp\/v2\/posts\/34164\/revisions\/34170"}],"wp:featuredmedia":[{"embeddable":true,"href":"http:\/\/vocesver.com\/noticias\/wp-json\/wp\/v2\/media\/34171"}],"wp:attachment":[{"href":"http:\/\/vocesver.com\/noticias\/wp-json\/wp\/v2\/media?parent=34164"}],"wp:term":[{"taxonomy":"category","embeddable":true,"href":"http:\/\/vocesver.com\/noticias\/wp-json\/wp\/v2\/categories?post=34164"},{"taxonomy":"post_tag","embeddable":true,"href":"http:\/\/vocesver.com\/noticias\/wp-json\/wp\/v2\/tags?post=34164"}],"curies":[{"name":"wp","href":"https:\/\/api.w.org\/{rel}","templated":true}]}}