{"id":34156,"date":"2022-03-23T21:20:01","date_gmt":"2022-03-23T21:20:01","guid":{"rendered":"http:\/\/vocesver.com\/noticias\/?p=34156"},"modified":"2022-03-23T21:22:09","modified_gmt":"2022-03-23T21:22:09","slug":"un-militar-de-marina-llega-a-la-capitania-regional-del-puerto-de-veracruz","status":"publish","type":"post","link":"http:\/\/vocesver.com\/noticias\/un-militar-de-marina-llega-a-la-capitania-regional-del-puerto-de-veracruz\/","title":{"rendered":"UN MILITAR DE MARINA LLEGA A LA CAPITAN\u00cdA  REGIONAL DEL PUERTO DE VERACRUZ."},"content":{"rendered":"\n<p><br>\u00b0Es el Capit\u00e1n de Nav\u00edo Carlos Alejandro Sanz Aguilar, sustituye a Gabriel Carri\u00f3n P\u00e9rez.<br>AUSENCIO RIVERA\/VOCESVER.COM\/NOTICIAS<br>Veracruz,Ver.- a 23 de Marzo 2022- De acuerdo con informaci\u00f3n que circula en medios locales, este martes se dio a conocer que el Capit\u00e1n de Nav\u00edo Carlos Alejandro Sanz Aguilar es el nuevo capit\u00e1n regional del puerto de Veracruz.<br>El sustituye en el cargo a Gabriel Carri\u00f3n P\u00e9rez.<br>La toma de protesta se llev\u00f3 a cabo sin protocolos y sin ceremonias.<br>El nuevo  responsable del Estado rector del puerto es militar de la Secretar\u00eda de Marina-Armada de M\u00e9xico.<br>Lleg\u00f3 procedente de la Capitan\u00eda de Puerto de Yucalpet\u00e9n, Yucat\u00e1n, donde permaneci\u00f3 desde junio del 2021 a la fecha. <br><br><br><br><br><br><br><br><br><br><br><br><br><br><br><br><br><br><br><br><br><br><br><br><br><br><br><br><br><br><br><br><br><br><\/p>\n","protected":false},"excerpt":{"rendered":"<p>\u00b0Es el Capit\u00e1n de Nav\u00edo Carlos Alejandro Sanz Aguilar, sustituye a Gabriel Carri\u00f3n P\u00e9rez.AUSENCIO RIVERA\/VOCESVER.COM\/NOTICIASVeracruz,Ver.- a 23 de Marzo 2022-<\/p>\n","protected":false},"author":2,"featured_media":34162,"comment_status":"open","ping_status":"open","sticky":false,"template":"","format":"standard","meta":{"colormag_page_container_layout":"default_layout","colormag_page_sidebar_layout":"default_layout","footnotes":""},"categories":[2],"tags":[],"class_list":["post-34156","post","type-post","status-publish","format-standard","has-post-thumbnail","hentry","category-infogral"],"_links":{"self":[{"href":"http:\/\/vocesver.com\/noticias\/wp-json\/wp\/v2\/posts\/34156","targetHints":{"allow":["GET"]}}],"collection":[{"href":"http:\/\/vocesver.com\/noticias\/wp-json\/wp\/v2\/posts"}],"about":[{"href":"http:\/\/vocesver.com\/noticias\/wp-json\/wp\/v2\/types\/post"}],"author":[{"embeddable":true,"href":"http:\/\/vocesver.com\/noticias\/wp-json\/wp\/v2\/users\/2"}],"replies":[{"embeddable":true,"href":"http:\/\/vocesver.com\/noticias\/wp-json\/wp\/v2\/comments?post=34156"}],"version-history":[{"count":2,"href":"http:\/\/vocesver.com\/noticias\/wp-json\/wp\/v2\/posts\/34156\/revisions"}],"predecessor-version":[{"id":34161,"href":"http:\/\/vocesver.com\/noticias\/wp-json\/wp\/v2\/posts\/34156\/revisions\/34161"}],"wp:featuredmedia":[{"embeddable":true,"href":"http:\/\/vocesver.com\/noticias\/wp-json\/wp\/v2\/media\/34162"}],"wp:attachment":[{"href":"http:\/\/vocesver.com\/noticias\/wp-json\/wp\/v2\/media?parent=34156"}],"wp:term":[{"taxonomy":"category","embeddable":true,"href":"http:\/\/vocesver.com\/noticias\/wp-json\/wp\/v2\/categories?post=34156"},{"taxonomy":"post_tag","embeddable":true,"href":"http:\/\/vocesver.com\/noticias\/wp-json\/wp\/v2\/tags?post=34156"}],"curies":[{"name":"wp","href":"https:\/\/api.w.org\/{rel}","templated":true}]}}