{"id":34147,"date":"2022-03-22T21:02:08","date_gmt":"2022-03-22T21:02:08","guid":{"rendered":"http:\/\/vocesver.com\/noticias\/?p=34147"},"modified":"2022-03-22T21:04:42","modified_gmt":"2022-03-22T21:04:42","slug":"explota-transformador-en-primer-cuadro-de-la-ciudad-de-veracruz","status":"publish","type":"post","link":"http:\/\/vocesver.com\/noticias\/explota-transformador-en-primer-cuadro-de-la-ciudad-de-veracruz\/","title":{"rendered":"EXPLOTA TRANSFORMADOR EN PRIMER CUADRO DE LA CIUDAD DE VERACRUZ."},"content":{"rendered":"\n<p>Afortunadamente no hubo lesionados, el aparato se encontraban en el techo de un edificio.<br>\u00b0Comercios de la planta baja se quedar\u00f3n sin luz consecuencia del percance.<br>AUSENCIO RIVERA\/VOCESVER.COM7NOTICIAS<br>Veracruz,Ver.- Tras un fuerte estruendo en la Avenida Independencia esquina Serd\u00e1n de la Ciudad de Veracruz, elementos de Bomberos, PC y Polic\u00eda Municipal se movilizar\u00f3n para ver que hab\u00eda ocurrido.<br>De acuerdo con elementos de PC Municipal se trat\u00f3 de la explosi\u00f3n de  transformador que se encontraba en la azotea del edificio.<br>Afortunadamente no se registr\u00f3 ning\u00fan lesionado solo el comercio de la parte baja y otros aleda\u00f1os se quedar\u00f3n sin energ\u00eda el\u00e9ctrica tras la explosi\u00f3n del transformador.<br>La explosi\u00f3n que ocasion\u00f3 el transformador se escruch\u00f3 a varios metros del lugar donde ocurri\u00f3 el percance.<br>Tras comprobar lo que hab\u00eda ocurrido los elementos de emergencia se retiraron del lugar no sin antes recomendar al comercio en general tengan mucho cuidado con los transformadores y revisen bien el cableado el\u00e9ctrico para evitar hechos como el ocurrido.<br><br><br><br><br><br><br><br><br><br><br><br><br><br><br><br><br><br><br><br><br><br><br><br><br><br><br><br><br><br><br><br><br><br><br><br><br><\/p>\n","protected":false},"excerpt":{"rendered":"<p>Afortunadamente no hubo lesionados, el aparato se encontraban en el techo de un edificio.\u00b0Comercios de la planta baja se quedar\u00f3n<\/p>\n","protected":false},"author":2,"featured_media":34154,"comment_status":"open","ping_status":"open","sticky":false,"template":"","format":"standard","meta":{"colormag_page_container_layout":"default_layout","colormag_page_sidebar_layout":"default_layout","footnotes":""},"categories":[2],"tags":[],"class_list":["post-34147","post","type-post","status-publish","format-standard","has-post-thumbnail","hentry","category-infogral"],"_links":{"self":[{"href":"http:\/\/vocesver.com\/noticias\/wp-json\/wp\/v2\/posts\/34147","targetHints":{"allow":["GET"]}}],"collection":[{"href":"http:\/\/vocesver.com\/noticias\/wp-json\/wp\/v2\/posts"}],"about":[{"href":"http:\/\/vocesver.com\/noticias\/wp-json\/wp\/v2\/types\/post"}],"author":[{"embeddable":true,"href":"http:\/\/vocesver.com\/noticias\/wp-json\/wp\/v2\/users\/2"}],"replies":[{"embeddable":true,"href":"http:\/\/vocesver.com\/noticias\/wp-json\/wp\/v2\/comments?post=34147"}],"version-history":[{"count":2,"href":"http:\/\/vocesver.com\/noticias\/wp-json\/wp\/v2\/posts\/34147\/revisions"}],"predecessor-version":[{"id":34152,"href":"http:\/\/vocesver.com\/noticias\/wp-json\/wp\/v2\/posts\/34147\/revisions\/34152"}],"wp:featuredmedia":[{"embeddable":true,"href":"http:\/\/vocesver.com\/noticias\/wp-json\/wp\/v2\/media\/34154"}],"wp:attachment":[{"href":"http:\/\/vocesver.com\/noticias\/wp-json\/wp\/v2\/media?parent=34147"}],"wp:term":[{"taxonomy":"category","embeddable":true,"href":"http:\/\/vocesver.com\/noticias\/wp-json\/wp\/v2\/categories?post=34147"},{"taxonomy":"post_tag","embeddable":true,"href":"http:\/\/vocesver.com\/noticias\/wp-json\/wp\/v2\/tags?post=34147"}],"curies":[{"name":"wp","href":"https:\/\/api.w.org\/{rel}","templated":true}]}}