{"id":34137,"date":"2022-03-21T22:38:10","date_gmt":"2022-03-21T22:38:10","guid":{"rendered":"http:\/\/vocesver.com\/noticias\/?p=34137"},"modified":"2022-03-21T22:40:22","modified_gmt":"2022-03-21T22:40:22","slug":"habra-cierre-intermitente-de-calles-en-centro-historico-de-veracruz","status":"publish","type":"post","link":"http:\/\/vocesver.com\/noticias\/habra-cierre-intermitente-de-calles-en-centro-historico-de-veracruz\/","title":{"rendered":"*Habr\u00e1 cierre intermitente de calles en Centro Hist\u00f3rico de Veracruz*"},"content":{"rendered":"\n<p><br>_-Este lunes 21 de marzo, de 5 a 23 horas_<br><br><br><br>REDACCI\u00d3N\/VOCESVER.OM\/NOTICIAS.<br><br>Veracruz,Ver.- a  21 de  Marzo 2022.- El Ayuntamiento de Veracruz informa a los automovilistas sobre el cierre intermitente de vialidades en el Centro Hist\u00f3rico del Puerto por la filmaci\u00f3n de una serie.<br><br>Se realizar\u00e1 este lunes 21 de marzo, de las 05:00 a las 23:00 horas, en las calles Montesinos y 5 de Mayo, Madero y Emparan, e Independencia y Constituci\u00f3n.<br>&#8212;<br><br><br><br><br><br><br><br><br><br><br><br><br><br><br><br><br><br><br><br><br><br><br><br><br><br><br><br><br><br><br><\/p>\n","protected":false},"excerpt":{"rendered":"<p>_-Este lunes 21 de marzo, de 5 a 23 horas_ REDACCI\u00d3N\/VOCESVER.OM\/NOTICIAS. Veracruz,Ver.- a 21 de Marzo 2022.- El Ayuntamiento de<\/p>\n","protected":false},"author":2,"featured_media":34143,"comment_status":"open","ping_status":"open","sticky":false,"template":"","format":"standard","meta":{"colormag_page_container_layout":"default_layout","colormag_page_sidebar_layout":"default_layout","footnotes":""},"categories":[2],"tags":[],"class_list":["post-34137","post","type-post","status-publish","format-standard","has-post-thumbnail","hentry","category-infogral"],"_links":{"self":[{"href":"http:\/\/vocesver.com\/noticias\/wp-json\/wp\/v2\/posts\/34137","targetHints":{"allow":["GET"]}}],"collection":[{"href":"http:\/\/vocesver.com\/noticias\/wp-json\/wp\/v2\/posts"}],"about":[{"href":"http:\/\/vocesver.com\/noticias\/wp-json\/wp\/v2\/types\/post"}],"author":[{"embeddable":true,"href":"http:\/\/vocesver.com\/noticias\/wp-json\/wp\/v2\/users\/2"}],"replies":[{"embeddable":true,"href":"http:\/\/vocesver.com\/noticias\/wp-json\/wp\/v2\/comments?post=34137"}],"version-history":[{"count":2,"href":"http:\/\/vocesver.com\/noticias\/wp-json\/wp\/v2\/posts\/34137\/revisions"}],"predecessor-version":[{"id":34142,"href":"http:\/\/vocesver.com\/noticias\/wp-json\/wp\/v2\/posts\/34137\/revisions\/34142"}],"wp:featuredmedia":[{"embeddable":true,"href":"http:\/\/vocesver.com\/noticias\/wp-json\/wp\/v2\/media\/34143"}],"wp:attachment":[{"href":"http:\/\/vocesver.com\/noticias\/wp-json\/wp\/v2\/media?parent=34137"}],"wp:term":[{"taxonomy":"category","embeddable":true,"href":"http:\/\/vocesver.com\/noticias\/wp-json\/wp\/v2\/categories?post=34137"},{"taxonomy":"post_tag","embeddable":true,"href":"http:\/\/vocesver.com\/noticias\/wp-json\/wp\/v2\/tags?post=34137"}],"curies":[{"name":"wp","href":"https:\/\/api.w.org\/{rel}","templated":true}]}}