{"id":34119,"date":"2022-03-20T21:40:36","date_gmt":"2022-03-20T21:40:36","guid":{"rendered":"http:\/\/vocesver.com\/noticias\/?p=34119"},"modified":"2022-03-20T21:42:45","modified_gmt":"2022-03-20T21:42:45","slug":"alejandro-sanchez-franco-refrenda-el-triunfo-del-prd-en-chiconamel","status":"publish","type":"post","link":"http:\/\/vocesver.com\/noticias\/alejandro-sanchez-franco-refrenda-el-triunfo-del-prd-en-chiconamel\/","title":{"rendered":"Alejandro S\u00e1nchez Franco refrenda el triunfo del PRD en Chiconamel"},"content":{"rendered":"\n<p><br><br><br>REDACCI\u00d3N\/VOCESVER.COM\/NOTICIAS<br><br>Plat\u00f3n S\u00e1nchez Ver., 20 de marzo de 2022. A pesar de no haberse realizado el debate programado para este d\u00eda en b\u00fasqueda de la alcald\u00eda de Chiconamel, el candidato del PRD, Alejandro S\u00e1nchez Franco, celebr\u00f3 la actitud positiva, optimista y de triunfo de la gente de su partido.<br><br>S\u00e1nchez Franco lament\u00f3 que no se tuvo la oportunidad de contrastar propuestas para que la ciudadan\u00eda pudiera confirmar que las ideas del partido del Sol Azteca son las m\u00e1s s\u00f3lidas y viables, las que cuentan con visi\u00f3n de futuro, sustento y el respaldo ciudadano.<br><br>\u201cAgradezco y reconozco a los ciudadanos de la regi\u00f3n de Chiconamel su apoyo y decisi\u00f3n, as\u00ed como a la Direcci\u00f3n Estatal, me lo han externado y yo les respondo con seriedad, con compromiso, d\u00e1ndoles la cara para dialogar sin el menor temor, para expresar nuestras propuestas y contrastarlas, ya que estamos seguros de contar con la mejor opci\u00f3n para los habitantes de la zona\u201d, se\u00f1al\u00f3.<br><br>Asimismo, destac\u00f3 que de cara al cierre, seguir\u00e1 evaluando junto a grupos ciudadanos ideas y propuestas pero sobre todo enriqueci\u00e9ndolas, caminando casa por casa, afinando lo que ser\u00e1n los planes de trabajo para el municipio, incluyendo valiosas propuestas de mujeres y hombres que quieren a su tierra.<br><br>\u201cLo decimos con toda humildad, el triunfo ya est\u00e1 dado, esto afianza el resultado y nos da seguridad de lo que venimos haciendo y lo que vamos a hacer; la gente calificar\u00e1 hoy a cada candidato, yo s\u00ed acud\u00ed hoy por respeto al electorado y a la ciudadan\u00eda, y conf\u00edo en las autoridades para que el domingo la ciudadan\u00eda se exprese libremente\u201d, detall\u00f3.<br><br>El candidato confirm\u00f3 que conf\u00eda plenamente en las autoridades electorales para que supervisen y lleven a cabo la supervisi\u00f3n de la jornada electoral del domingo pr\u00f3ximo, jornada que dijo ser\u00e1 hist\u00f3rica para el electorado y est\u00e1 seguro ser\u00e1 una fiesta c\u00edvica que refrendar\u00e1 el ambiente de unidad y de fiesta de un pueblo que sabe trabajar y que va a salir adelante en unidad.<br><br>Finalmente, invit\u00f3 a las mujeres y hombres del municipio de Chiconamel a participar en la fiesta electoral del municipio y agradeci\u00f3 el respaldo de la Direcci\u00f3n Estatal perredista y del presidente Sergio Cadena Mart\u00ednez.<br><br><br><br><br><br><br><br><br><br><br><br><br><br><br><br><br><br><br><br><br><br><br><br><br><br><br><br><br><br><br><br><br><br><br><br><br><br><br><br><br><br><br><br><br><br><br><\/p>\n","protected":false},"excerpt":{"rendered":"<p>REDACCI\u00d3N\/VOCESVER.COM\/NOTICIAS Plat\u00f3n S\u00e1nchez Ver., 20 de marzo de 2022. A pesar de no haberse realizado el debate programado para este<\/p>\n","protected":false},"author":2,"featured_media":34127,"comment_status":"open","ping_status":"open","sticky":false,"template":"","format":"standard","meta":{"colormag_page_container_layout":"default_layout","colormag_page_sidebar_layout":"default_layout","footnotes":""},"categories":[2],"tags":[],"class_list":["post-34119","post","type-post","status-publish","format-standard","has-post-thumbnail","hentry","category-infogral"],"_links":{"self":[{"href":"http:\/\/vocesver.com\/noticias\/wp-json\/wp\/v2\/posts\/34119","targetHints":{"allow":["GET"]}}],"collection":[{"href":"http:\/\/vocesver.com\/noticias\/wp-json\/wp\/v2\/posts"}],"about":[{"href":"http:\/\/vocesver.com\/noticias\/wp-json\/wp\/v2\/types\/post"}],"author":[{"embeddable":true,"href":"http:\/\/vocesver.com\/noticias\/wp-json\/wp\/v2\/users\/2"}],"replies":[{"embeddable":true,"href":"http:\/\/vocesver.com\/noticias\/wp-json\/wp\/v2\/comments?post=34119"}],"version-history":[{"count":2,"href":"http:\/\/vocesver.com\/noticias\/wp-json\/wp\/v2\/posts\/34119\/revisions"}],"predecessor-version":[{"id":34126,"href":"http:\/\/vocesver.com\/noticias\/wp-json\/wp\/v2\/posts\/34119\/revisions\/34126"}],"wp:featuredmedia":[{"embeddable":true,"href":"http:\/\/vocesver.com\/noticias\/wp-json\/wp\/v2\/media\/34127"}],"wp:attachment":[{"href":"http:\/\/vocesver.com\/noticias\/wp-json\/wp\/v2\/media?parent=34119"}],"wp:term":[{"taxonomy":"category","embeddable":true,"href":"http:\/\/vocesver.com\/noticias\/wp-json\/wp\/v2\/categories?post=34119"},{"taxonomy":"post_tag","embeddable":true,"href":"http:\/\/vocesver.com\/noticias\/wp-json\/wp\/v2\/tags?post=34119"}],"curies":[{"name":"wp","href":"https:\/\/api.w.org\/{rel}","templated":true}]}}