{"id":34115,"date":"2022-03-20T20:59:29","date_gmt":"2022-03-20T20:59:29","guid":{"rendered":"http:\/\/vocesver.com\/noticias\/?p=34115"},"modified":"2022-03-20T21:06:02","modified_gmt":"2022-03-20T21:06:02","slug":"locatarios-independientes-felicitan-a-las-fuerzas-armadas-por-su-invaluable-colabracion-en-la-construccion-del-aeropuerto-felipe-angeleslezama-fernandez","status":"publish","type":"post","link":"http:\/\/vocesver.com\/noticias\/locatarios-independientes-felicitan-a-las-fuerzas-armadas-por-su-invaluable-colabracion-en-la-construccion-del-aeropuerto-felipe-angeleslezama-fernandez\/","title":{"rendered":"LOCATARIOS INDEPENDIENTES FELICITAN A LAS FUERZAS ARMADAS POR SU INVALUABLE COLABRACI\u00d3N EN LA CONSTRUCCI\u00d3N DEL AEROPUERTO FELIPE ANGELES:LEZAMA FERN\u00c1NDEZ"},"content":{"rendered":"\n<p>\u00b0Tambi\u00e9n felicitan a AMLO por este ambicioso proyecto que ser\u00e1 de gran beneficio para los mexicanos.<br><br>AUSENCIO RIVERA\/VOCESVER.COM\/NOTICIAS<br>Veracruz,Ver- A 20 de Marzo 2022.- Locatarios Independientes de los Mercados de Vercacruz felicitan a las Fuerzas Armadas de M\u00e9xico, por su valiosa colaboraci\u00f3n patri\u00f3tica que brindar\u00f3n a su Comandante Andr\u00e9s Manuel  L\u00f3pez Obrador en la construcci\u00f3n del Aeropuerto Internacional Felipe Angeles el cual ser\u00e1 inaugurado este lunes por el mandatario de la Naci\u00f3n.<br>Al respecto Fidel Lezama Fen\u00e1ndez presidente de dicha agrupaci\u00f3n dijo los comerciantes tambi\u00e9n pedimos al Secretario de la Defensa Nacional y al Secretario de Marina que presenten el ambicioso proyecto de la terminaci\u00f3n del Aeropuerto de Texcoco al se\u00f1or Presidente de la Rep\u00fablica. <br>Destac\u00f3 que esta inauguraci\u00f3n es gracias a ustedes, el aeropuerto que lleva el nombre de un miembro distinguido el Gral.Felipe Angeles .<br>Felicidades a todos los miembros de la Fuerzas Armadas de M\u00e9xico  por su invaluable respaldo al presidente de la Rep\u00fablica en proyectos de esta naturaleza que estamos seguros ser\u00e1n de gran beneficio para todos los mexicanos dijo Lezama Fern\u00e1ndez.<br>De acuerdo con la agenda presidencial la inauguraci\u00f3n oficial de este aeropuerto esta programada para este lunes a las 11:00 horas y tuvo una inversi\u00f3n de 175,000 millones de pesos.<br><br><br><br><br><br><\/p>\n","protected":false},"excerpt":{"rendered":"<p>\u00b0Tambi\u00e9n felicitan a AMLO por este ambicioso proyecto que ser\u00e1 de gran beneficio para los mexicanos. AUSENCIO RIVERA\/VOCESVER.COM\/NOTICIASVeracruz,Ver- A 20<\/p>\n","protected":false},"author":2,"featured_media":34121,"comment_status":"open","ping_status":"open","sticky":false,"template":"","format":"standard","meta":{"colormag_page_container_layout":"default_layout","colormag_page_sidebar_layout":"default_layout","footnotes":""},"categories":[2],"tags":[],"class_list":["post-34115","post","type-post","status-publish","format-standard","has-post-thumbnail","hentry","category-infogral"],"_links":{"self":[{"href":"http:\/\/vocesver.com\/noticias\/wp-json\/wp\/v2\/posts\/34115","targetHints":{"allow":["GET"]}}],"collection":[{"href":"http:\/\/vocesver.com\/noticias\/wp-json\/wp\/v2\/posts"}],"about":[{"href":"http:\/\/vocesver.com\/noticias\/wp-json\/wp\/v2\/types\/post"}],"author":[{"embeddable":true,"href":"http:\/\/vocesver.com\/noticias\/wp-json\/wp\/v2\/users\/2"}],"replies":[{"embeddable":true,"href":"http:\/\/vocesver.com\/noticias\/wp-json\/wp\/v2\/comments?post=34115"}],"version-history":[{"count":3,"href":"http:\/\/vocesver.com\/noticias\/wp-json\/wp\/v2\/posts\/34115\/revisions"}],"predecessor-version":[{"id":34123,"href":"http:\/\/vocesver.com\/noticias\/wp-json\/wp\/v2\/posts\/34115\/revisions\/34123"}],"wp:featuredmedia":[{"embeddable":true,"href":"http:\/\/vocesver.com\/noticias\/wp-json\/wp\/v2\/media\/34121"}],"wp:attachment":[{"href":"http:\/\/vocesver.com\/noticias\/wp-json\/wp\/v2\/media?parent=34115"}],"wp:term":[{"taxonomy":"category","embeddable":true,"href":"http:\/\/vocesver.com\/noticias\/wp-json\/wp\/v2\/categories?post=34115"},{"taxonomy":"post_tag","embeddable":true,"href":"http:\/\/vocesver.com\/noticias\/wp-json\/wp\/v2\/tags?post=34115"}],"curies":[{"name":"wp","href":"https:\/\/api.w.org\/{rel}","templated":true}]}}