{"id":34110,"date":"2022-03-19T22:05:58","date_gmt":"2022-03-19T22:05:58","guid":{"rendered":"http:\/\/vocesver.com\/noticias\/?p=34110"},"modified":"2022-03-19T22:05:59","modified_gmt":"2022-03-19T22:05:59","slug":"cuantos-dias-faltan-para-las-vacaciones-de-semana-santa-2022","status":"publish","type":"post","link":"http:\/\/vocesver.com\/noticias\/cuantos-dias-faltan-para-las-vacaciones-de-semana-santa-2022\/","title":{"rendered":"\u00bfCu\u00e1ntos d\u00edas faltan para las vacaciones de Semana Santa 2022?"},"content":{"rendered":"\n<p>Las vacaciones de Semana Santa 2022 ser\u00e1n del 11 al 22 de abril. Foto: Freepik.<br><br>REDACCI\u00d3N7VOCESVER.COM7NOTIIS<br><br>NACIONAL.. A 19 DE MARZO  2022.-DE ACUERDO CON INFRMACI\u00d3N DE EDUARDO GALV\u00c1N\/M\u00c9XICO\/UNOTV&#8230;. Faltan 23 d\u00edas para el inicio de las vacaciones de Semana Santa 2022, celebraci\u00f3n religiosa que es aprovechada por estudiantes y sus familiares para salir a distintos lugares tur\u00edsticos de M\u00e9xico.<br><br><br>De acuerdo con el Calendario Escolar 2021-2022, de la Secretar\u00eda de Educaci\u00f3n P\u00fablica (SEP), las vacaciones ser\u00e1n del lunes 11 de abril al viernes 22 del mismo mes, aplicables para escuelas p\u00fablicas y particulares incorporadas al Sistema Educativo Nacional.<br><br><br>La SEP adecu\u00f3 el calendario a fin de que alumnos de educaci\u00f3n b\u00e1sica tuvieran m\u00e1s d\u00edas efectivos de clases, pues el COVID-19 (coronavirus) oblig\u00f3 a pasar una parte del a\u00f1o escolar anterior en clases a distancia.<br><br>Por su parte, la Iglesia cat\u00f3lica celebrar\u00e1 la Semana Santa del domingo 10 de abril al s\u00e1bado 16 del mismo mes<br><br>Semana Santa<br>Foto: Freepik.<br>Y a todo esto\u2026 \u00bfsabes cu\u00e1l es el significado religioso de la Semana Santa?<br>Se trata de una conmemoraci\u00f3n anual que recuerda la Pasi\u00f3n de Cristo; es decir, la entrada de Jes\u00fas de Nazaret a Jerusal\u00e9n, as\u00ed como La \u00daltima Cena, su viacrucis, su muerte y su resurrecci\u00f3n.<br>Durante la Semana Santa, se llevan a cabo numerosas muestras de fe a lo largo de todo el mundo, destacando las procesiones, penitencias y las representaciones de la pasi\u00f3n, muerte y resurrecci\u00f3n de Jes\u00fas.<br><br><br>\u00bfQu\u00e9 se celebra el Viernes, S\u00e1bado y Domingo Santos?<br>Domingo de Ramos<br>El Domingo de Ramos se considera como el inicio de la Semana Santa. Este d\u00eda se conmemora la entrada de Jesucristo a Jerusal\u00e9n, por lo tanto, ese d\u00eda se realizan misas donde se bendicen los ramos y las palmas, que son colocadas en los portales de las casas.<br>Jueves Santo<br>Durante el Jueves Santo se celebra La \u00daltima Cena, que narra el episodio b\u00edblico en el que Jes\u00fas se encontr\u00f3 por \u00faltima vez con sus disc\u00edpulos para la cena de Pascua.<br>Viernes Santo<br>En \u00e9l ocurre la crucifixi\u00f3n de Jesucristo, quien es entregado por Judas y llevado ante Poncio Pilato. Luego de ser juzgado, Jes\u00fas es entregado para su crucifixi\u00f3n a las afueras de Jerusal\u00e9n.<br>S\u00e1bado Santo<br>Se conmemora a Jes\u00fas, en la v\u00edspera de su resurrecci\u00f3n.<br><br>Domingo de Pascua<br>Tambi\u00e9n conocido como el Domingo de Resurrecci\u00f3n, ocurre posterior a la crucifixi\u00f3n de Jes\u00fas, cuando el Mes\u00edas aparece a varios de sus disc\u00edpulos para luego reunirse con ellos, d\u00e1ndoles el Esp\u00edritu Santo.<br><br><br><br>INF. DE EDUARDO GALV\u00c1N\/M\u00c9XICO\/UNOTV<br><br><br><br><br><br><br><br><br><br><br><br><br><br><br><br><br><br><br><br><br><br><br><br><br><br><br><br><br><br><br><br><br><br><br><br><br><br><br><br><br><\/p>\n","protected":false},"excerpt":{"rendered":"<p>Las vacaciones de Semana Santa 2022 ser\u00e1n del 11 al 22 de abril. Foto: Freepik. REDACCI\u00d3N7VOCESVER.COM7NOTIIS NACIONAL.. A 19 DE<\/p>\n","protected":false},"author":2,"featured_media":34116,"comment_status":"open","ping_status":"open","sticky":false,"template":"","format":"standard","meta":{"colormag_page_container_layout":"default_layout","colormag_page_sidebar_layout":"default_layout","footnotes":""},"categories":[5],"tags":[],"class_list":["post-34110","post","type-post","status-publish","format-standard","has-post-thumbnail","hentry","category-nacional"],"_links":{"self":[{"href":"http:\/\/vocesver.com\/noticias\/wp-json\/wp\/v2\/posts\/34110","targetHints":{"allow":["GET"]}}],"collection":[{"href":"http:\/\/vocesver.com\/noticias\/wp-json\/wp\/v2\/posts"}],"about":[{"href":"http:\/\/vocesver.com\/noticias\/wp-json\/wp\/v2\/types\/post"}],"author":[{"embeddable":true,"href":"http:\/\/vocesver.com\/noticias\/wp-json\/wp\/v2\/users\/2"}],"replies":[{"embeddable":true,"href":"http:\/\/vocesver.com\/noticias\/wp-json\/wp\/v2\/comments?post=34110"}],"version-history":[{"count":2,"href":"http:\/\/vocesver.com\/noticias\/wp-json\/wp\/v2\/posts\/34110\/revisions"}],"predecessor-version":[{"id":34117,"href":"http:\/\/vocesver.com\/noticias\/wp-json\/wp\/v2\/posts\/34110\/revisions\/34117"}],"wp:featuredmedia":[{"embeddable":true,"href":"http:\/\/vocesver.com\/noticias\/wp-json\/wp\/v2\/media\/34116"}],"wp:attachment":[{"href":"http:\/\/vocesver.com\/noticias\/wp-json\/wp\/v2\/media?parent=34110"}],"wp:term":[{"taxonomy":"category","embeddable":true,"href":"http:\/\/vocesver.com\/noticias\/wp-json\/wp\/v2\/categories?post=34110"},{"taxonomy":"post_tag","embeddable":true,"href":"http:\/\/vocesver.com\/noticias\/wp-json\/wp\/v2\/tags?post=34110"}],"curies":[{"name":"wp","href":"https:\/\/api.w.org\/{rel}","templated":true}]}}