{"id":34102,"date":"2022-03-19T21:26:39","date_gmt":"2022-03-19T21:26:39","guid":{"rendered":"http:\/\/vocesver.com\/noticias\/?p=34102"},"modified":"2022-03-19T21:27:52","modified_gmt":"2022-03-19T21:27:52","slug":"por-puente-aumenta-afluencia-turistica-en-veracruz","status":"publish","type":"post","link":"http:\/\/vocesver.com\/noticias\/por-puente-aumenta-afluencia-turistica-en-veracruz\/","title":{"rendered":"POR PUENTE AUMENTA AFLUENCIA TUR\u00cdSTICA EN VERACRUZ."},"content":{"rendered":"\n<p>REDACCI\u00d3N\/VOCESVER.COM\/NOTICIAS<br>PIE DE FOTO.- A 19 de Marzo   2022.- Debido al puente de fin de semana largo con motivo del Natalicio de Don Benito Ju\u00e1rez e inicio de la Primavera el turismo se incremento en los tradicionales caf\u00e9s de Veracruz y sitios tur\u00edsticos como el Malec\u00f3n de la Ciudad. Foto Ausencio RIVERA.<br><br><br><br><br><br><br><br><br><br><br><br><br><br><br><br><br><br><br><br><br><br><br><br><br><br><br><\/p>\n","protected":false},"excerpt":{"rendered":"<p>REDACCI\u00d3N\/VOCESVER.COM\/NOTICIASPIE DE FOTO.- A 19 de Marzo 2022.- Debido al puente de fin de semana largo con motivo del Natalicio<\/p>\n","protected":false},"author":2,"featured_media":34108,"comment_status":"open","ping_status":"open","sticky":false,"template":"","format":"standard","meta":{"colormag_page_container_layout":"default_layout","colormag_page_sidebar_layout":"default_layout","footnotes":""},"categories":[2],"tags":[],"class_list":["post-34102","post","type-post","status-publish","format-standard","has-post-thumbnail","hentry","category-infogral"],"_links":{"self":[{"href":"http:\/\/vocesver.com\/noticias\/wp-json\/wp\/v2\/posts\/34102","targetHints":{"allow":["GET"]}}],"collection":[{"href":"http:\/\/vocesver.com\/noticias\/wp-json\/wp\/v2\/posts"}],"about":[{"href":"http:\/\/vocesver.com\/noticias\/wp-json\/wp\/v2\/types\/post"}],"author":[{"embeddable":true,"href":"http:\/\/vocesver.com\/noticias\/wp-json\/wp\/v2\/users\/2"}],"replies":[{"embeddable":true,"href":"http:\/\/vocesver.com\/noticias\/wp-json\/wp\/v2\/comments?post=34102"}],"version-history":[{"count":2,"href":"http:\/\/vocesver.com\/noticias\/wp-json\/wp\/v2\/posts\/34102\/revisions"}],"predecessor-version":[{"id":34107,"href":"http:\/\/vocesver.com\/noticias\/wp-json\/wp\/v2\/posts\/34102\/revisions\/34107"}],"wp:featuredmedia":[{"embeddable":true,"href":"http:\/\/vocesver.com\/noticias\/wp-json\/wp\/v2\/media\/34108"}],"wp:attachment":[{"href":"http:\/\/vocesver.com\/noticias\/wp-json\/wp\/v2\/media?parent=34102"}],"wp:term":[{"taxonomy":"category","embeddable":true,"href":"http:\/\/vocesver.com\/noticias\/wp-json\/wp\/v2\/categories?post=34102"},{"taxonomy":"post_tag","embeddable":true,"href":"http:\/\/vocesver.com\/noticias\/wp-json\/wp\/v2\/tags?post=34102"}],"curies":[{"name":"wp","href":"https:\/\/api.w.org\/{rel}","templated":true}]}}