{"id":34097,"date":"2022-03-19T21:09:23","date_gmt":"2022-03-19T21:09:23","guid":{"rendered":"http:\/\/vocesver.com\/noticias\/?p=34097"},"modified":"2022-03-19T21:12:49","modified_gmt":"2022-03-19T21:12:49","slug":"comerciantes-esperan-que-daniel-galindo-frene-el-comercio-informal-en-calles-aledanas-a-los-mercados-de-la-ciudadalezama-fernandez","status":"publish","type":"post","link":"http:\/\/vocesver.com\/noticias\/comerciantes-esperan-que-daniel-galindo-frene-el-comercio-informal-en-calles-aledanas-a-los-mercados-de-la-ciudadalezama-fernandez\/","title":{"rendered":"COMERCIANTES ESPERAN QUE DANIEL GALINDO FRENE EL COMERCIO INFORMAL EN CALLES ALEDA\u00d1AS A LOS MERCADOS DE LA CIUDADA:LEZAMA FERN\u00c1NDEZ"},"content":{"rendered":"\n<p>AUSENCIO RIVERA\/VOCESVER.COM\/NOTICIAS<br>Veracruz,Ver.- a 19 de Marzo 2022.- Comerciantes independientes de los Mercados de Veracruz esperan que con el arribo del priista Daniel Galindo Moreno a la Direcci\u00f3n de Comercio Municipal se liberen las calles de tanto comercio informal que ha crecido de manera alarmante consecuencia de la pandemia del Covid-19.<br>Al respecto Fidel Lezama Fern\u00e1ndez presidente de dicha agrupaci\u00f3n explico que la informalidad se increment\u00f3 en m\u00e1s de un 300 por ciento al grado de que hay calles aleda\u00f1as al Mercado  Unidad Veracruzana que est\u00e1n ocupadas por decenas de comerciantes.<br>Por otro lado comerciantes establecidos en las calles de Juan Soto y Carlos Cruz denunciar\u00f3n que la informalidad ha instalado puestos fijos de fierro y aluminio como muestra de que ya se quedar\u00f3n ah\u00ed para siempre.<br>Comentar\u00f3n que se desconoce si el gobierno municipal anterior cedi\u00f3 las calles o las\u00bb regal\u00f3 \u00bb a estos comerciantes para que ah\u00ed se instalaran de manera permanente.<br>Lezama Fern\u00e1ndez dijo que es necesario que el actual gobierno municipal frene el crecimiento de la informalidad en las calles antes mencionadas y muchas m\u00e1s donde \u00e9stos se encuentran establecidos de manera permanente. <br>Aclar\u00f3 que las calles las construyen los gobiernos para que la gente pueda transitar libremente y no para que alguien haga negocio con la complacencia de las autoridades del mismo municipio.<br><br><br><br><br><br><br><br><br><br><br><br><br><br><br><br><br><br><br><br><br><br><br><br><br><br><br><br><br><br><br><br><br><br><br><\/p>\n","protected":false},"excerpt":{"rendered":"<p>AUSENCIO RIVERA\/VOCESVER.COM\/NOTICIASVeracruz,Ver.- a 19 de Marzo 2022.- Comerciantes independientes de los Mercados de Veracruz esperan que con el arribo del<\/p>\n","protected":false},"author":2,"featured_media":34104,"comment_status":"open","ping_status":"open","sticky":false,"template":"","format":"standard","meta":{"colormag_page_container_layout":"default_layout","colormag_page_sidebar_layout":"default_layout","footnotes":""},"categories":[2],"tags":[],"class_list":["post-34097","post","type-post","status-publish","format-standard","has-post-thumbnail","hentry","category-infogral"],"_links":{"self":[{"href":"http:\/\/vocesver.com\/noticias\/wp-json\/wp\/v2\/posts\/34097","targetHints":{"allow":["GET"]}}],"collection":[{"href":"http:\/\/vocesver.com\/noticias\/wp-json\/wp\/v2\/posts"}],"about":[{"href":"http:\/\/vocesver.com\/noticias\/wp-json\/wp\/v2\/types\/post"}],"author":[{"embeddable":true,"href":"http:\/\/vocesver.com\/noticias\/wp-json\/wp\/v2\/users\/2"}],"replies":[{"embeddable":true,"href":"http:\/\/vocesver.com\/noticias\/wp-json\/wp\/v2\/comments?post=34097"}],"version-history":[{"count":2,"href":"http:\/\/vocesver.com\/noticias\/wp-json\/wp\/v2\/posts\/34097\/revisions"}],"predecessor-version":[{"id":34103,"href":"http:\/\/vocesver.com\/noticias\/wp-json\/wp\/v2\/posts\/34097\/revisions\/34103"}],"wp:featuredmedia":[{"embeddable":true,"href":"http:\/\/vocesver.com\/noticias\/wp-json\/wp\/v2\/media\/34104"}],"wp:attachment":[{"href":"http:\/\/vocesver.com\/noticias\/wp-json\/wp\/v2\/media?parent=34097"}],"wp:term":[{"taxonomy":"category","embeddable":true,"href":"http:\/\/vocesver.com\/noticias\/wp-json\/wp\/v2\/categories?post=34097"},{"taxonomy":"post_tag","embeddable":true,"href":"http:\/\/vocesver.com\/noticias\/wp-json\/wp\/v2\/tags?post=34097"}],"curies":[{"name":"wp","href":"https:\/\/api.w.org\/{rel}","templated":true}]}}