{"id":34092,"date":"2022-03-19T20:39:48","date_gmt":"2022-03-19T20:39:48","guid":{"rendered":"http:\/\/vocesver.com\/noticias\/?p=34092"},"modified":"2022-03-19T20:41:53","modified_gmt":"2022-03-19T20:41:53","slug":"alcaldesa-de-veracruz-designo-a-un-priista-como-director-de-comercio","status":"publish","type":"post","link":"http:\/\/vocesver.com\/noticias\/alcaldesa-de-veracruz-designo-a-un-priista-como-director-de-comercio\/","title":{"rendered":"ALCALDESA DE VERACRUZ DESIGN\u00d3 A UN PRIISTA COMO  DIRECTOR DE COMERCIO.."},"content":{"rendered":"\n<p>\u00b0Jes\u00fas Zans renuncio, no dio el ancho, solo estuvo 3 meses en el cargo.<br><br>REDACCI\u00d3N\/VOCESVER.COM7NOTICIAS<br><br>Veracruz,Ver- a 19 de Marzo 2022.- La alcaldesa Patricia Lobeira Rodr\u00edguez design\u00f3 al priista  Daniel Galindo Moreno como nuevo director de Comercio en el Ayuntamiento de Veracruz, en sustituci\u00f3n de Jes\u00fas Sanz Barradas, quien present\u00f3 su renuncia por motivos personales.<br><br>Daniel Galindo Moreno, se ha desempe\u00f1ado en la funci\u00f3n p\u00fablica, en anteriores administraciones, como regidor, secretario del Ayuntamiento y director de Desarrollo Social.<br><br>La alcaldesa Patricia Lobeira pidi\u00f3 a Daniel Galindo -como instruy\u00f3 al inicio de su administraci\u00f3n a los miembros de su gabinete- desempe\u00f1arse en su nuevo encargo con total transparencia y honestidad, priorizando en todo momento el bienestar de las y los veracruzanos.<br><br><br><br><br><br><br><br><br><br><br><br><br><br><br><br><br><br><br><br><br><br><br><br><br><br><br><br><br><\/p>\n","protected":false},"excerpt":{"rendered":"<p>\u00b0Jes\u00fas Zans renuncio, no dio el ancho, solo estuvo 3 meses en el cargo. REDACCI\u00d3N\/VOCESVER.COM7NOTICIAS Veracruz,Ver- a 19 de Marzo<\/p>\n","protected":false},"author":2,"featured_media":34100,"comment_status":"open","ping_status":"open","sticky":false,"template":"","format":"standard","meta":{"colormag_page_container_layout":"default_layout","colormag_page_sidebar_layout":"default_layout","footnotes":""},"categories":[2],"tags":[],"class_list":["post-34092","post","type-post","status-publish","format-standard","has-post-thumbnail","hentry","category-infogral"],"_links":{"self":[{"href":"http:\/\/vocesver.com\/noticias\/wp-json\/wp\/v2\/posts\/34092","targetHints":{"allow":["GET"]}}],"collection":[{"href":"http:\/\/vocesver.com\/noticias\/wp-json\/wp\/v2\/posts"}],"about":[{"href":"http:\/\/vocesver.com\/noticias\/wp-json\/wp\/v2\/types\/post"}],"author":[{"embeddable":true,"href":"http:\/\/vocesver.com\/noticias\/wp-json\/wp\/v2\/users\/2"}],"replies":[{"embeddable":true,"href":"http:\/\/vocesver.com\/noticias\/wp-json\/wp\/v2\/comments?post=34092"}],"version-history":[{"count":3,"href":"http:\/\/vocesver.com\/noticias\/wp-json\/wp\/v2\/posts\/34092\/revisions"}],"predecessor-version":[{"id":34099,"href":"http:\/\/vocesver.com\/noticias\/wp-json\/wp\/v2\/posts\/34092\/revisions\/34099"}],"wp:featuredmedia":[{"embeddable":true,"href":"http:\/\/vocesver.com\/noticias\/wp-json\/wp\/v2\/media\/34100"}],"wp:attachment":[{"href":"http:\/\/vocesver.com\/noticias\/wp-json\/wp\/v2\/media?parent=34092"}],"wp:term":[{"taxonomy":"category","embeddable":true,"href":"http:\/\/vocesver.com\/noticias\/wp-json\/wp\/v2\/categories?post=34092"},{"taxonomy":"post_tag","embeddable":true,"href":"http:\/\/vocesver.com\/noticias\/wp-json\/wp\/v2\/tags?post=34092"}],"curies":[{"name":"wp","href":"https:\/\/api.w.org\/{rel}","templated":true}]}}