{"id":34088,"date":"2022-03-19T20:29:28","date_gmt":"2022-03-19T20:29:28","guid":{"rendered":"http:\/\/vocesver.com\/noticias\/?p=34088"},"modified":"2022-03-19T20:32:28","modified_gmt":"2022-03-19T20:32:28","slug":"la-pequena-pamela-diaz-se-registra-como-candidata-a-reina-infantil-del-carnaval-de-veracruz-2022","status":"publish","type":"post","link":"http:\/\/vocesver.com\/noticias\/la-pequena-pamela-diaz-se-registra-como-candidata-a-reina-infantil-del-carnaval-de-veracruz-2022\/","title":{"rendered":"La peque\u00f1a Pamela D\u00edaz se registra como candidata a Reina Infantil del Carnaval de Veracruz 2022"},"content":{"rendered":"\n<p><br>Se distinguir\u00e1 con el color azul rey<br><br>-Las convocatorias a\u00fan se encuentran abiertas<br><br>REDACCI\u00d3N\/VOCESVER.COMNOTICIAS<br><br><br>Veracruz, Ver., 19 de marzo de 2022.- Con gran ilusi\u00f3n y entusiasmo, este viernes la peque\u00f1a Pamela D\u00edaz Utrera, de 10 a\u00f1os de edad, qued\u00f3 registrada formalmente como candidata a Reina Infantil del Carnaval de Veracruz 2022.<br><br>La menor utilizar\u00e1 el color azul rey como distintivo en esta contienda para la Corte Real Infantil de los festejos del Rey Momo, que tendr\u00e1n efecto del 01 al 05 de julio del presente a\u00f1o.<br><br>Acompa\u00f1ada por familiares y amistades, Pamela realiz\u00f3 un alegre papaqui conformado de comparsas, batucadas y bastoneras, el cual recorri\u00f3 del Z\u00f3calo de Veracruz hasta las oficinas del Comit\u00e9 Organizador.<br><br>El certificado de registro fue entregado por el presidente de dicho Comit\u00e9, Luis Antonio P\u00e9rez Fraga, quien felicit\u00f3 a la peque\u00f1a por su decisi\u00f3n de participar en la magna festividad de los veracruzanos.<br><br>Pamela es la segunda candidata a Reina Infantil inscrita de manera oficial, pues la primera en hacerlo fue Abisai Hern\u00e1ndez con el distintivo rosa.<br><br>Se espera que en los siguientes d\u00edas m\u00e1s candidatas puedan presentarse a realizar su registro; por lo que se recuerda que las convocatorias a\u00fan se encuentran abiertas y pueden ser consultadas en los siguientes links: www.carnavaldeveracruz.com\/convocatoriareyesinfantiles2022.pdf,  para reyes infantiles; www.carnavaldeveracruz.com\/convocatoriareydelaalegria2022.pdf, para Rey de la Alegr\u00eda, y www.carnavaldeveracruz.com\/convocatoriareina2022.pdf, para Reina del Carnaval.<br><br><br><br>&#8212;&#8212;&#8212;&#8212;&#8212;&#8212;&#8212;&#8212;&#8212;&#8212;&#8212;&#8212;&#8212;&#8212;&#8212;&#8212;<br><br>Te invitamos a visitar nuestras redes oficiales:<br><br>Web &#8211; http:\/\/carnavaldeveracruz.com.mx\/ <br><br>Facebook &#8211; https:\/\/www.facebook.com\/carnavaldeveracruz2022\/<br><br>Twitter &#8211; http:\/\/www.twitter.com\/carnaval_ver<br><br>Instagram &#8211; https:\/\/www.instagram.com\/carnavalveracruz\/ <br><br><br><br><br><br><br><br><br><br><br><br><br><br><br><br><br><br><br><br><br><br><br><br><br><br><br><br><br><br><br><br><br><br><br><br><br><\/p>\n","protected":false},"excerpt":{"rendered":"<p>Se distinguir\u00e1 con el color azul rey -Las convocatorias a\u00fan se encuentran abiertas REDACCI\u00d3N\/VOCESVER.COMNOTICIAS Veracruz, Ver., 19 de marzo de<\/p>\n","protected":false},"author":2,"featured_media":34095,"comment_status":"open","ping_status":"open","sticky":false,"template":"","format":"standard","meta":{"colormag_page_container_layout":"default_layout","colormag_page_sidebar_layout":"default_layout","footnotes":""},"categories":[2],"tags":[],"class_list":["post-34088","post","type-post","status-publish","format-standard","has-post-thumbnail","hentry","category-infogral"],"_links":{"self":[{"href":"http:\/\/vocesver.com\/noticias\/wp-json\/wp\/v2\/posts\/34088","targetHints":{"allow":["GET"]}}],"collection":[{"href":"http:\/\/vocesver.com\/noticias\/wp-json\/wp\/v2\/posts"}],"about":[{"href":"http:\/\/vocesver.com\/noticias\/wp-json\/wp\/v2\/types\/post"}],"author":[{"embeddable":true,"href":"http:\/\/vocesver.com\/noticias\/wp-json\/wp\/v2\/users\/2"}],"replies":[{"embeddable":true,"href":"http:\/\/vocesver.com\/noticias\/wp-json\/wp\/v2\/comments?post=34088"}],"version-history":[{"count":3,"href":"http:\/\/vocesver.com\/noticias\/wp-json\/wp\/v2\/posts\/34088\/revisions"}],"predecessor-version":[{"id":34094,"href":"http:\/\/vocesver.com\/noticias\/wp-json\/wp\/v2\/posts\/34088\/revisions\/34094"}],"wp:featuredmedia":[{"embeddable":true,"href":"http:\/\/vocesver.com\/noticias\/wp-json\/wp\/v2\/media\/34095"}],"wp:attachment":[{"href":"http:\/\/vocesver.com\/noticias\/wp-json\/wp\/v2\/media?parent=34088"}],"wp:term":[{"taxonomy":"category","embeddable":true,"href":"http:\/\/vocesver.com\/noticias\/wp-json\/wp\/v2\/categories?post=34088"},{"taxonomy":"post_tag","embeddable":true,"href":"http:\/\/vocesver.com\/noticias\/wp-json\/wp\/v2\/tags?post=34088"}],"curies":[{"name":"wp","href":"https:\/\/api.w.org\/{rel}","templated":true}]}}